{"id":92,"date":"2012-05-10T15:58:06","date_gmt":"2012-05-10T15:58:06","guid":{"rendered":"http:\/\/inmemoriam-milecarpenisan.ro\/?p=92"},"modified":"2012-05-12T17:02:00","modified_gmt":"2012-05-12T17:02:00","slug":"92","status":"publish","type":"post","link":"https:\/\/inmemoriam-milecarpenisan.ro\/?p=92","title":{"rendered":"Premiul Mile Carpensian 2012 a fost acordat analistului de politica internationala Corneliu Vlad in cadrul unei conferinte desfasurate la Institutul de Sociologie al Academiei Romane"},"content":{"rendered":"<p style=\"text-align: center;\"><a href=\"http:\/\/inmemoriam-milecarpenisan.ro\/wp-content\/uploads\/2012\/05\/In-Memoriam-Mile-Carpeniasn-Ro-Banner.jpg\"><img loading=\"lazy\" class=\"aligncenter size-large wp-image-102\" title=\"In Memoriam Mile Carpeniasn Ro - Banner\" src=\"http:\/\/inmemoriam-milecarpenisan.ro\/wp-content\/uploads\/2012\/05\/In-Memoriam-Mile-Carpeniasn-Ro-Banner-1024x307.jpg\" alt=\"\" width=\"961\" height=\"286\" \/><\/a><br \/>\n<a href=\"http:\/\/inmemoriam-milecarpenisan.ro\/wp-content\/uploads\/2012\/05\/Grigore-Lese-Ilie-Badescu-Corneliu-Vlad-Civic-Media-Premiul-Mile-Carpenisan.jpg\"><img loading=\"lazy\" class=\"aligncenter size-full wp-image-94\" title=\"Grigore-Lese-Ilie-Badescu-Corneliu-Vlad-Civic Media - Premiul Mile Carpenisan\" src=\"http:\/\/inmemoriam-milecarpenisan.ro\/wp-content\/uploads\/2012\/05\/Grigore-Lese-Ilie-Badescu-Corneliu-Vlad-Civic-Media-Premiul-Mile-Carpenisan.jpg\" alt=\"\" width=\"600\" height=\"428\" srcset=\"https:\/\/inmemoriam-milecarpenisan.ro\/wp-content\/uploads\/2012\/05\/Grigore-Lese-Ilie-Badescu-Corneliu-Vlad-Civic-Media-Premiul-Mile-Carpenisan.jpg 600w, https:\/\/inmemoriam-milecarpenisan.ro\/wp-content\/uploads\/2012\/05\/Grigore-Lese-Ilie-Badescu-Corneliu-Vlad-Civic-Media-Premiul-Mile-Carpenisan-300x214.jpg 300w\" sizes=\"(max-width: 600px) 100vw, 600px\" \/><\/a><\/p>\n<p>Joi, 10 mai, ora 12 :00, la Institutul de Sociologie al Academiei Rom\u00e2ne, a avut loc Conferin\u0163a sus\u0163inut\u0103 de dr. Larry Watts, profesor la Catedra de Master \u00een Studii de Securitate a Facult\u0103\u0163ii de Sociologie \u015fi Asisten\u0163\u0103 Social\u0103 a Universit\u0103\u0163ii Bucure\u015fti.<\/p>\n<p>Evenimentul a fost deschis de Victor Roncea care a acordat premiul \u00ab Mile C\u0103rpeni\u015fan \u00bb pentru Curaj \u015fi Excelen\u0163\u0103 \u00een Jurnalism analistului \u015fi jurnalistului Corneliu Basarab Vlad. Premiul a fost conferit de Asocia\u0163ia Civic Media care a dorit s\u0103 r\u0103spl\u0103teasc\u0103 astfel \u00eentreaga sa activitate pe frontul jurnalisticii rom\u00e2ne\u015fti, activitate concretizat\u0103 prin numeroasele articole \u015fi c\u0103r\u0163i, dintre care amintim \u00ab Pentru ca soarele s\u0103 nu r\u0103sar\u0103 dinspre asfin\u0163it \u00bb, \u00ab Vietnamul cel de toate zilele \u00bb, \u00ab Iranul la rece \u00bb, \u00ab Holograma Europei. Politica european\u0103 a Germaniei \u00bb \u015fi multe altele. Din motive de s\u0103n\u0103tate, Corneliu Basarab Vlad nu a putut fi prezent pentru a-\u015fi ridica premiul, \u00eens\u0103 a transmis o scrisoare emo\u0163ionant\u0103, citit\u0103 de Victor Roncea, prin care \u00ee\u015fi exprima recuno\u015ftin\u0163a \u015fi mul\u0163umirile c\u0103 acum, la \u00eemplinirea v\u00e2rstei de 70 de ani, prime\u015fte o \u00ab distinc\u0163ie a tinere\u0163ii gazet\u0103re\u015fti \u00bb.<\/p>\n<p>Momentul \u00eenm\u00e2n\u0103rii distinc\u0163iei a fost urmat de conferin\u0163a propriu-zis\u0103, care a avut ca tema perceperea interna\u0163ional\u0103 a Rom\u00e2niei \u00een perioada 1978 &#8211; 1989, \u00een contextul unei opera\u0163iuni de dezinformare de anvergur\u0103, lansata \u00eempotriva statului rom\u00e2n de serviciile speciale ale celorlalte membre ale Pactului de la Var\u015fovia. Bazat\u0103 pe introducerea volumului II al aclamatei lucr\u0103ri &#8220;Fere\u015fte-m\u0103, Doamne, de prieteni !&#8221; &#8211; cu titlul &#8220;Misapprehending Romania: The Role of Cognitive Bias, Institutional Pathologies, and Disinformation&#8221;, prelegerea a captat aten\u0163ia publicului at\u00e2t datorit\u0103 subiectului delicat \u015fi pu\u0163in abordat \u00een Rom\u00e2nia, c\u00e2t \u015fi datorit\u0103 charismei dr. Larry Watts care a dovedit c\u0103 este, a\u015fa cum bine a remarcat una dintre pesoanele prezente \u00een sal\u0103, \u00ab un american rom\u00e2n \u00bb.<\/p>\n<p>Partenerii media ai evenimentului au fost <a href=\"http:\/\/www.nasul.tv\/?s=Larry+Watts\">Nasul.Tv<\/a>, <a href=\"http:\/\/ecouromanesc.info\/editorialul-zilei\/detalii\/articol\/o-saptamana-plina-de-evenimente-pentru-romani\">Ecou Romanesc<\/a>, <a href=\"http:\/\/karadeniz-press.ro\/kara\/conferinta-larry-watts-la-casa-academiei-din-bucuresti\/\">Karadeniz Press<\/a>, <a href=\"http:\/\/www.basarabeni.ro\/stiri\/eveniment\/conferinta-larry-watts-la-casa-610\/\">Basarabeni.Ro<\/a>, <a href=\"http:\/\/www.privesc.eu\/\">Privesc.Eu<\/a>, <a href=\"http:\/\/www.ziaristionline.ro\/2012\/05\/04\/conferinta-larry-watts-la-casa-academiei-din-bucuresti-in-premiera-introducerea-in-volumul-ii-al-lucrarii-fereste-ma-doamne-de-prieteni\/\">Ziaristi Online.<\/a><\/p>\n<p>Autor:<strong> Oana Barbu\u00a0 <\/strong>\/ <strong>Ecou Romanesc <\/strong><\/p>\n<p style=\"text-align: center;\"><iframe src=\"http:\/\/www.dailymotion.com\/embed\/video\/xqs6ef\" frameborder=\"0\" width=\"600\" height=\"450\"><\/iframe><br \/>\n<a href=\"http:\/\/www.dailymotion.com\/video\/xqs6ef_premiul-mile-carpenisan-2012-pentru-corneliu-vlad_news\" target=\"_blank\">Premiul Mile Carpenisan 2012 pentru Corneliu Vlad<\/a> <em>de <a href=\"http:\/\/www.dailymotion.com\/ZiaristiOnlineTV\" target=\"_blank\">ZiaristiOnlineTV<\/a><\/em><\/p>\n<p style=\"text-align: center;\"><strong>Intreaga conferinta poate fi urmarita mai jos, preluata de la la <a href=\"http:\/\/www.privesc.eu\/Arhiva\/10395\/Conferinta-sustinuta-de-dr--Larry-Watts--Perceperea-internationala-a--Romaniei-in-perioada-1978---1989\">Privesc.Eu<\/a><\/strong><br \/>\n<iframe src=\"http:\/\/www.privesc.eu\/widget\/live\/10395\" frameborder=\"0\" scrolling=\"no\" width=\"600\" height=\"437\"><\/iframe><\/p>\n<p style=\"text-align: center;\"><strong>Civic Media: Dl Corneliu Vlad este un model al jurnalistului de cursa lunga<\/strong><\/p>\n<p><a href=\"http:\/\/inmemoriam-milecarpenisan.ro\/wp-content\/uploads\/2012\/05\/Diploma-Mile-Carpenisan-Corneliu-Vlad-Civic-Media-Conferinta-Larry-Watts-Academie.jpg\"><img loading=\"lazy\" class=\"aligncenter size-full wp-image-93\" title=\"Diploma Mile Carpenisan Corneliu Vlad Civic Media Conferinta Larry Watts Academie\" src=\"http:\/\/inmemoriam-milecarpenisan.ro\/wp-content\/uploads\/2012\/05\/Diploma-Mile-Carpenisan-Corneliu-Vlad-Civic-Media-Conferinta-Larry-Watts-Academie.jpg\" alt=\"\" width=\"599\" height=\"399\" srcset=\"https:\/\/inmemoriam-milecarpenisan.ro\/wp-content\/uploads\/2012\/05\/Diploma-Mile-Carpenisan-Corneliu-Vlad-Civic-Media-Conferinta-Larry-Watts-Academie.jpg 702w, https:\/\/inmemoriam-milecarpenisan.ro\/wp-content\/uploads\/2012\/05\/Diploma-Mile-Carpenisan-Corneliu-Vlad-Civic-Media-Conferinta-Larry-Watts-Academie-300x200.jpg 300w\" sizes=\"(max-width: 599px) 100vw, 599px\" \/><\/a><\/p>\n<p>Domnul Corneliu Basarab Vlad este membru al Uniunii Scriitorilor din Rom\u00e2nia \u015fi al Clubului Presei Transatlantice si autor al mai multor carti de politica internationala, dintre care amintim: Pentru ca soarele s\u0103 nu r\u0103sar\u0103 dinspre asfin\u0163it; C\u00e2nd lupt\u0103torii \u00ee\u015fi cur\u0103\u0163\u0103 armele; Vietnamul cel de toate zilele; Vom tr\u0103i \u00een anul 2000; Lumea \u00een mi\u015fcare, \u00eencotro?; Generalul Lebed, vecinul nostru; Reconcilierea; Cuba, zece sfid\u0103ri; Iranul la rece; Rusia dup\u0103 URSS; \u015ei totu\u015fi, Revolu\u0163ia Rom\u00e2n\u0103; Holograma Europa. Politica european\u0103 a Germaniei (coautor).<\/p>\n<p>\u00cen aproape 50 de ani de carier\u0103 gazet\u0103reasc\u0103, dl Corneliu Vlad a publicat numeroase articole, comentarii \u015fi analize ale vie\u0163ii \u015fi politicii interna\u0163ionale \u00een revistele Lumea, Contemporanul, Romania libera, Curentul, Bucharest Match, Revista Geopolitica, Ziaristi Online etc.<\/p>\n<p>A fost corespondent de pres\u0103 \u00een Vietnam \u015fi Laos, \u00een Austria, Elve\u0163ia \u015fi Germania, corespondent al Agen\u0163iei France Presse la Bucure\u015fti, trimis special la ONU, OSCE \u015fi NATO, Tratatul de la Var\u015fovia, Consiliul Europei \u015f.a. \u015fi colaboreaz\u0103 cu diverse agen\u0163ii de pres\u0103, posturi de radio \u015fi televiziune. A fost singurul ziarist roman care a participat la asa-zisul proces al Grupului Ilascu de la Tiraspol, de unde a relatat zilnic si unde a reusit sa filmeze singura pelicula cunoscuta a acestei farse juridice anti-romanesti.<\/p>\n<p>Dl Corneliu Vlad este un model al jurnalistului de cursa lunga a carui principala calitate necesara credibilitatii si profesionalismului a ramas impecabila in intreaga sa cariera: onestitatea; fata de cititor, fata de sine si misiunea sa, de jurnalist roman.<\/p>\n<p>Asociatia Civic Media este onorata sa-i confere, la implinirea a 70 de ani, in semn de omagiu, Premiul \u201eMile Carpenisan\u201d pentru Curaj si Excelenta in Jurnalism, pentru intreaga sa activitate pe frontul jurnalisticii romanesti.<\/p>\n<p><strong>Victor Roncea<\/strong><br \/>\n10 Mai 2012<\/p>\n<p><strong>Corneliu Vlad: Premiul Mile Carpenisan este o emotionanta distinctie pentru gazetaria adevarata<\/strong><\/p>\n<p><a href=\"http:\/\/inmemoriam-milecarpenisan.ro\/wp-content\/uploads\/2012\/05\/corneliu-vlad.jpg\"><img loading=\"lazy\" class=\"alignleft size-full wp-image-99\" title=\"corneliu-vlad\" src=\"http:\/\/inmemoriam-milecarpenisan.ro\/wp-content\/uploads\/2012\/05\/corneliu-vlad.jpg\" alt=\"\" width=\"300\" height=\"389\" srcset=\"https:\/\/inmemoriam-milecarpenisan.ro\/wp-content\/uploads\/2012\/05\/corneliu-vlad.jpg 300w, https:\/\/inmemoriam-milecarpenisan.ro\/wp-content\/uploads\/2012\/05\/corneliu-vlad-231x300.jpg 231w\" sizes=\"(max-width: 300px) 100vw, 300px\" \/><\/a>Premiul Mile Carpenisan este o emotionanta distinctie pentru gazetaria adevarata. Acest premiu onoreaza prin insusi intelesul si mesajul sau iar, in situatia mea, si prin locul si imprejurarea manifestarii de fata.<br \/>\nPremiul: 1. poarta numele unui ziarist ce s-a distins prin tinerete, curaj si excelenta, 2. este acordat de obicei unor tineri ziaristi, 3. de catre asociatia, si ea tanara, Civic Media, 4. asociatie care-l are protagonist pe tanarul si excelentul ziarist Victor Roncea.<br \/>\nAsadar, o distinctie prin totul a tineretii gazetaresti, pentru aproape septuagenarul care ma straduiesc sa fiu.<br \/>\nDar si locul, si imprejurarea acestei clipe sunt deosebite.<br \/>\nAceasta incinta academica este insufletita de activitatea Institutului de sociologie al Academiei Romane, al carui suflet este prof. univ. dr. Ilie Badescu, astazi cel mai important filozof si sociolog al istoriei romanilor.<br \/>\nIar imprejurarea face ca in acest spatiu academic sa-l primeasca astazi pe istoricul american, eu as zice romano-american, Larry Watts, cel mai patrunzator si decomplexat observator al realitatii romanesti de azi.<br \/>\nAsemenea ilustrului carturar patriot Florin Constantiniu, istoricii Ilie Badescu si Larry Watts indeamna si procedeaza la lectura si intelegerea istoriei Romaniei in lumina clara si neinselatoare a adevarului, liberi de prejudecati, imuni la mistificari, fara porniri la ocari sau la osanale.<br \/>\nIstoricul Larry Watts domina istoriografic zona cea mai complicata, controversata si atacata a vietii moderne a Romaniei, vremea lui Nicolae Ceausescu. Si el spune si convinge ceea ce alti istorici n-au avut curajul sau interesul sau n-au reusit sa afirme: ca aceasta perioada a fost nu numai una densa si complexa, dar si mult mai nuantata decat obisnuim sa credem. O vreme cu straluciri orbitoare si intunecimi cumplite, cu culori stridente si crude sub aparenta unor pogoane de griuri. Brandul international al Romaniei a fost atunci la zenit, indiferent ce pret au platit romanii si pentru asta.<br \/>\nLarry Watts reuseste ceea ce nici un alt istoric, roman sau strain, nu si-a propus, nu a incercat, nu a indraznit, nu a reusit sau nu a convins: prezinta in lumina ei reala si in proportiile sale reale un fragment de istorie a romanilor mai supus la rastalmaciri si calomnii ca oricare altul. Daca lasam deoparte lentilele deformatoare ale politicii zilei si privim onest respectivul timp istoric, asa cum face Larry Watts, dar din pacate nu prea multi alti autori, vom putea gasi mai usor calea spre adevaratul loc si adevarata menire a Romaniei in lumea de maine, lume care si ea trebuie mult aproximata.<br \/>\nMultumiri profunde pentru premiu, multumiri pentru atentia acordata mie.<\/p>\n<p><strong>Corneliu Vlad<\/strong><br \/>\n9 Mai 2012<\/p>\n<p><strong>Nota <a href=\"http:\/\/www.civicmedia.ro\/acm\/\">Civic Media<\/a><\/strong>: Premiul \u201cMile Carpenisan\u201d, in valoare de 1000 de euro, ii va fi transmis dlui Corneliu Vlad la Spitalul \u201cFloreasca\u201d, unde se afla internat pentru o operatie pe cord. Participantii la conferinta lui Larry Watts de la Institutul de Sociologie al Academiei Romane i-au urat dlui Corneliu Vlad multa sanatate.<\/p>\n<p style=\"text-align: center;\"><a href=\"http:\/\/inmemoriam-milecarpenisan.ro\/\"><strong>http:\/\/inmemoriam-milecarpenisan.ro\/<\/strong><\/a><\/p>\n","protected":false},"excerpt":{"rendered":"<p>Joi, 10 mai, ora 12 :00, la Institutul de Sociologie al Academiei Rom\u00e2ne, a avut loc Conferin\u0163a sus\u0163inut\u0103 de dr. Larry Watts, profesor la Catedra de Master \u00een Studii de Securitate a Facult\u0103\u0163ii de Sociologie \u015fi Asisten\u0163\u0103 Social\u0103 a Universit\u0103\u0163ii Bucure\u015fti. Evenimentul a fost deschis de Victor Roncea care a acordat premiul \u00ab Mile C\u0103rpeni\u015fan [&hellip;]<\/p>\n","protected":false},"author":1,"featured_media":0,"comment_status":"open","ping_status":"open","sticky":false,"template":"","format":"standard","meta":[],"categories":[5,4,1],"tags":[16,15,31,30,26,12,29],"_links":{"self":[{"href":"https:\/\/inmemoriam-milecarpenisan.ro\/index.php?rest_route=\/wp\/v2\/posts\/92"}],"collection":[{"href":"https:\/\/inmemoriam-milecarpenisan.ro\/index.php?rest_route=\/wp\/v2\/posts"}],"about":[{"href":"https:\/\/inmemoriam-milecarpenisan.ro\/index.php?rest_route=\/wp\/v2\/types\/post"}],"author":[{"embeddable":true,"href":"https:\/\/inmemoriam-milecarpenisan.ro\/index.php?rest_route=\/wp\/v2\/users\/1"}],"replies":[{"embeddable":true,"href":"https:\/\/inmemoriam-milecarpenisan.ro\/index.php?rest_route=%2Fwp%2Fv2%2Fcomments&post=92"}],"version-history":[{"count":14,"href":"https:\/\/inmemoriam-milecarpenisan.ro\/index.php?rest_route=\/wp\/v2\/posts\/92\/revisions"}],"predecessor-version":[{"id":96,"href":"https:\/\/inmemoriam-milecarpenisan.ro\/index.php?rest_route=\/wp\/v2\/posts\/92\/revisions\/96"}],"wp:attachment":[{"href":"https:\/\/inmemoriam-milecarpenisan.ro\/index.php?rest_route=%2Fwp%2Fv2%2Fmedia&parent=92"}],"wp:term":[{"taxonomy":"category","embeddable":true,"href":"https:\/\/inmemoriam-milecarpenisan.ro\/index.php?rest_route=%2Fwp%2Fv2%2Fcategories&post=92"},{"taxonomy":"post_tag","embeddable":true,"href":"https:\/\/inmemoriam-milecarpenisan.ro\/index.php?rest_route=%2Fwp%2Fv2%2Ftags&post=92"}],"curies":[{"name":"wp","href":"https:\/\/api.w.org\/{rel}","templated":true}]}}