{"id":79,"date":"2010-05-17T22:38:52","date_gmt":"2010-05-17T22:38:52","guid":{"rendered":"http:\/\/inmemoriam-milecarpenisan.ro\/?p=79"},"modified":"2010-05-17T22:38:52","modified_gmt":"2010-05-17T22:38:52","slug":"mile","status":"publish","type":"post","link":"https:\/\/inmemoriam-milecarpenisan.ro\/?p=79","title":{"rendered":"Mile&#8230;"},"content":{"rendered":"<p style=\"text-align: center;\"><a href=\"http:\/\/inmemoriam-milecarpenisan.ro\/wp-content\/uploads\/2010\/05\/Mile-Banner-Premiul1.jpg\"><img loading=\"lazy\" class=\"aligncenter size-large wp-image-44\" title=\"Mile Banner Premiul\" src=\"http:\/\/inmemoriam-milecarpenisan.ro\/wp-content\/uploads\/2010\/05\/Mile-Banner-Premiul1-1024x444.jpg\" alt=\"\" width=\"1024\" height=\"444\" srcset=\"https:\/\/inmemoriam-milecarpenisan.ro\/wp-content\/uploads\/2010\/05\/Mile-Banner-Premiul1-1024x444.jpg 1024w, https:\/\/inmemoriam-milecarpenisan.ro\/wp-content\/uploads\/2010\/05\/Mile-Banner-Premiul1-300x130.jpg 300w, https:\/\/inmemoriam-milecarpenisan.ro\/wp-content\/uploads\/2010\/05\/Mile-Banner-Premiul1.jpg 1216w\" sizes=\"(max-width: 1024px) 100vw, 1024px\" \/><\/a><\/p>\n<p>A vorbi despre omul \u015fi jurnalistul Mile C\u0103rpeni\u015fan este ca \u015fi cum ai turna o lacrim\u0103 pe plita \u00eencins\u0103 a sufletelor noastre. A celor care l-am admirat din fa\u0163a televizoarelor. A celor de care a fost al\u0103turi oriunde i-a cerut-o meseria. A celor care am avut privilegiul de a-i fi prieteni. A celor care l-am iubit a\u015fa cum a fost. Un om care \u00eentr-o via\u0163\u0103 de 34 de ani a tr\u0103it c\u00e2t al\u0163ii \u00een dou\u0103 \u015fi pe care a mistuit-o numai cum a vrut.<\/p>\n<p>La numai 18 ani, c\u00e2nd al\u0163ii \u00eencercau s\u0103 buchiseasc\u0103 lumea, Mile C\u0103rpeni\u015fan p\u0103\u015fea timid \u00een redac\u0163ia ziarului Timi\u015foara. Acolo a descoperit taina cuvintelor a\u015fternute pe h\u00e2rtie. Secretele televiziunii le-a g\u0103sit \u00een studiourile Televiziunii Europa Nova \u015fi TVT 89. Dup\u0103 o perioad\u0103 la cotidianul Na\u0163ional, Mile a revenit, apoi, la marea sa pasiune \u2013 televiziunea. A devenit unul dintre cei mai cunoscu\u0163i reporteri ai Antenei 1 prin d\u0103ruirea \u015fi prin puterea sa de a surprinde-n c\u00e2teva minute de transmisiune toat\u0103 durerea sau bucuria acestei lumi. \u015ei nu s-a sfiit s\u0103 spun\u0103 unei \u0163\u0103ri \u00eentregi \u201emi-s f\u0103los c\u0103-s b\u0103n\u0103\u0163an\u201d \u015fi s\u0103 le vorbeasc\u0103 tuturor despre bun\u0103tatea oamenilor de aici.<\/p>\n<p>Pentru reporterul Mile C\u0103rpeni\u015fan, expresia \u201enu se poate\u201d n-a existat \u00een vocabular. Chiar dac\u0103 a \u00eensemnat s\u0103 \u00eenfrunte bombele r\u0103zboiului din Kosovo, moartea care p\u00e2ndea \u00een orice fir de nisip din Irak sau apocalipsa pe p\u0103m\u00e2nt dup\u0103 tsunami-ul din Indonezia. S\u00e2rbul nostru a \u015ftiut c\u0103 presa nu este un joc de domni\u015foare \u015fi a luat viata-n pieptul s\u0103u mare. Nu s-a oprit nici o clip\u0103 s\u0103 se \u00eentrebe \u201eOare, merit\u0103?\u201d. To\u0163i banii din aceast\u0103 lume nu ar fi putut cump\u0103ra bucuria jurnalistului Mile C\u0103rpeni\u015fan ca la ceas de sear\u0103 s\u0103 deschid\u0103 Observatorul cu un direct despre via\u0163\u0103, a\u015fa cum numai el \u015ftia s\u0103 o surprind\u0103. Nefardat\u0103 \u015fi plin\u0103 de sensuri.<\/p>\n<p>Da, Mile a fost un mare orgolios. A avut acel orgoliu profesional pe care cu greu \u00eel mai g\u0103se\u015fti prin presa rom\u00e2neasc\u0103. A fost un osta\u015f credincios al adev\u0103rului. Pe care niciodat\u0103 nu l-a tr\u0103dat. Cu orice risc. Nu \u015fi-a negociat principiile \u015fi credin\u0163a sa \u00een adev\u0103r. Chiar dac\u0103 asta a \u00eensemnat ca, de multe ori, s\u0103 fie singur \u00eempotriva tuturor. A mers \u00eenainte, \u015ftiind c\u0103 mai devreme sau mai t\u00e2rziu i se va da dreptate. Din p\u0103cate, n-a mai apucat s\u0103 vad\u0103 c\u0103 pietrele cu care unii au aruncat \u00een el s-au transformat \u00een lacrimi \u015fi flori. Poate c\u0103 este prea t\u00e2rziu. Sau poate c\u0103 nu. Numai Mile \u015ftie.<\/p>\n<p>Mile a iubit necondi\u0163ionat. A iubit cu pasiune. \u015ei-a ascuns lacrimile din suflet \u00een spatele vorbelor t\u0103ioase ca un diamant. Mile \u015fi-a iubit p\u0103rin\u0163ii ca pe ni\u015fte sfin\u0163i, iar prietenii \u015fi i-a transformat fra\u0163i.<br \/>\nPe Mile era de ajuns s\u0103-l cuno\u015fti o singur\u0103 data ca s\u0103 nu-l ui\u0163i. Avea aceea for\u0163\u0103 extraordinar\u0103 de a-\u0163i transmite o buc\u0103\u0163ic\u0103 din sufletul s\u0103u de prea multe ori ne\u00een\u0163eles. A fost omul gesturilor simple \u015fi directe. Era de ajuns s\u0103 simt\u0103 bun\u0103tatea unui om \u015fi \u00eei devenea cel mai bun prieten. Gata oric\u00e2nd s\u0103 sar\u0103 \u00een ajutorul oricui avea nevoie, Mile a obosit cu masca sa de dur pe care ne-o arunca tuturor \u00een fa\u0163\u0103. N-a vrut s\u0103 supere pe nimeni cu durerea sa \u015fi s-a retras discret. S-a stins ca flac\u0103ra de la gura pistolului mitralier\u0103.<\/p>\n<p>Noi, to\u0163i, nu putem s\u0103 fim sup\u0103ra\u0163i pe s\u00e2rbul nostru c\u0103 a plecat \u00eenainte de a ne spune toate pove\u015ftile acestei lumi prea pline de lacrimi \u015fi vise. Pentru c\u0103 \u015ftim c\u0103 a f\u0103cut totul, a\u015fa cum spunea chiar el, \u00een felul s\u0103u. \u00cen acel fel, rezumat \u00een doar dou\u0103 cuvinte \u201eE MILE\u201d. Important este ca Mile C\u0103rpeni\u015fan s\u0103 nu fie doar \u015ftirea de ast\u0103zi, ci povestea spus\u0103 la nesf\u00e2r\u015fit despre icoana omului bun care s-a dus s\u0103 ia interviu \u00eengerilor.<\/p>\n<p><strong>Drum luminat, frate Mile ! Osvetlien da ti bude put, brate Mile!<\/strong><\/p>\n<p>Dragos<\/p>\n<p>Preluare de la <a href=\"http:\/\/milecarpenisan.ro\/2010\/05\/de-la-dragospentru-mile\/\">Mile<\/a> si <a href=\"http:\/\/www.stareapresei.ro\/mile-blogul-lui-mile-carpenisan-11140.html\">StareaPresei.ro<\/a><\/p>\n","protected":false},"excerpt":{"rendered":"<p>Drum luminat, frate Mile ! Osvetlien da ti bude put, brate Mile!<\/p>\n","protected":false},"author":1,"featured_media":0,"comment_status":"open","ping_status":"open","sticky":false,"template":"","format":"standard","meta":[],"categories":[5,4],"tags":[69,3],"_links":{"self":[{"href":"https:\/\/inmemoriam-milecarpenisan.ro\/index.php?rest_route=\/wp\/v2\/posts\/79"}],"collection":[{"href":"https:\/\/inmemoriam-milecarpenisan.ro\/index.php?rest_route=\/wp\/v2\/posts"}],"about":[{"href":"https:\/\/inmemoriam-milecarpenisan.ro\/index.php?rest_route=\/wp\/v2\/types\/post"}],"author":[{"embeddable":true,"href":"https:\/\/inmemoriam-milecarpenisan.ro\/index.php?rest_route=\/wp\/v2\/users\/1"}],"replies":[{"embeddable":true,"href":"https:\/\/inmemoriam-milecarpenisan.ro\/index.php?rest_route=%2Fwp%2Fv2%2Fcomments&post=79"}],"version-history":[{"count":1,"href":"https:\/\/inmemoriam-milecarpenisan.ro\/index.php?rest_route=\/wp\/v2\/posts\/79\/revisions"}],"predecessor-version":[{"id":80,"href":"https:\/\/inmemoriam-milecarpenisan.ro\/index.php?rest_route=\/wp\/v2\/posts\/79\/revisions\/80"}],"wp:attachment":[{"href":"https:\/\/inmemoriam-milecarpenisan.ro\/index.php?rest_route=%2Fwp%2Fv2%2Fmedia&parent=79"}],"wp:term":[{"taxonomy":"category","embeddable":true,"href":"https:\/\/inmemoriam-milecarpenisan.ro\/index.php?rest_route=%2Fwp%2Fv2%2Fcategories&post=79"},{"taxonomy":"post_tag","embeddable":true,"href":"https:\/\/inmemoriam-milecarpenisan.ro\/index.php?rest_route=%2Fwp%2Fv2%2Ftags&post=79"}],"curies":[{"name":"wp","href":"https:\/\/api.w.org\/{rel}","templated":true}]}}