{"id":71,"date":"2010-05-03T15:13:20","date_gmt":"2010-05-03T15:13:20","guid":{"rendered":"http:\/\/inmemoriam-milecarpenisan.ro\/?p=71"},"modified":"2013-05-03T11:55:42","modified_gmt":"2013-05-03T11:55:42","slug":"de-ziua-libertatii-presei-jurnalistul-dan-nitescu-a-primit-premiul-%e2%80%9cmile-carpenisan%e2%80%9d-pentru-curajul-demonstrat-la-evenimentele-din-7-aprilie-2009-de-la-chisinau-foto-video","status":"publish","type":"post","link":"https:\/\/inmemoriam-milecarpenisan.ro\/?p=71","title":{"rendered":"De Ziua Libertatii Presei, jurnalistul Dan Nitescu a primit Premiul \u201cMile Carpenisan\u201d pentru curajul demonstrat la evenimentele din 7 aprilie 2009 de la Chisinau. FOTO \/ VIDEO"},"content":{"rendered":"<div id=\"post-8784\" style=\"text-align: center;\">\n<div>\n<div>\n<hr \/>\n<\/div>\n<div id=\"content_div-8784\">\n<p style=\"text-align: center;\"><a href=\"http:\/\/roncea.ro\/wp-content\/uploads\/2010\/05\/Dan-Nitescu-Civic-Media-Premiul-Mile-Carpenisan-Blog.jpg\"><img loading=\"lazy\" title=\"Dan Nitescu Civic  Media Premiul Mile Carpenisan Blog\" src=\"http:\/\/roncea.ro\/wp-content\/uploads\/2010\/05\/Dan-Nitescu-Civic-Media-Premiul-Mile-Carpenisan-Blog.jpg\" alt=\"\" width=\"550\" height=\"413\" \/><\/a><br \/>\n<script type=\"text\/javascript\" src=\"http:\/\/ivm.inin.ro\/js\/embed.js?id=0Rel8o2R959&amp;width=480&amp;height=380&amp;autoplay=0\"><\/script><br \/>\n<object width=\"550\" height=\"350\" classid=\"clsid:d27cdb6e-ae6d-11cf-96b8-444553540000\" codebase=\"http:\/\/download.macromedia.com\/pub\/shockwave\/cabs\/flash\/swflash.cab#version=6,0,40,0\"><param name=\"allowFullScreen\" value=\"true\" \/><param name=\"allowScriptAccess\" value=\"always\" \/><param name=\"src\" value=\"http:\/\/www.dailymotion.com\/swf\/video\/xd65eh\" \/><param name=\"allowfullscreen\" value=\"true\" \/><param name=\"allowscriptaccess\" value=\"always\" \/><embed width=\"550\" height=\"350\" type=\"application\/x-shockwave-flash\" src=\"http:\/\/www.dailymotion.com\/swf\/video\/xd65eh\" allowFullScreen=\"true\" allowScriptAccess=\"always\" allowfullscreen=\"true\" allowscriptaccess=\"always\" \/><\/object><br \/>\n<strong>Premiul \u201cMile Carpenisan\u201d pentru Curaj si Excelenta in Jurnalism 2010<\/strong><\/p>\n<p style=\"text-align: center;\"><strong>Dan Nitescu: <em>Sunt mandru si onorat ca eu am primit acest premiu! Nu pot sa explic in cuvinte cum ma simt\u2026 sufletul parca imi este impartit in doua! O parte care se bucura si o alta parte care este trista, o parte in care cuvintele sunt de prisos, o parte in care aceste caractere sunt prea fade pentru a aduna tristetea de cand MILE nu mai este. MILE nu te vom uita\u2026.<\/em><\/strong><\/p>\n<p style=\"text-align: left;\">Jurnalistul si operatorul Dan Ni\u0163escu de la Antena 3 a fost distins azi, de Ziua Libertatii Presei, cu Premiul \u201cMile Carpenisan\u201d pentru Curaj si Excelenta in Jurnalism, oferit in premiera, in memoriam Mile Carpenisan. Dan Nitescu s-a remarcat in timpul evenimentelor din 7 aprilie 2009 din Basarabia, prin curaj si profesionalism, in slujba adevarului, relatand din mijlocul manifestantilor anticomunisti in conditiile in care era urmarit pentru expulzare de catre autoritatile fostului regim represiv de la Chisinau (<em>vezi Video mai jos<\/em>). Momentul a fost oficiat de analistul de politica internationala Corneliu Vlad in mijlocul ziaristilor de la Trustul Intact. Luat prin surprindere si vizibil emotionat, jurnalistul Dan Nitescu, la inmanarea diplomei, a amintit de prietenia sa cu Mile Carpenisan. Premiul, in valoare de 1000 de Euro, a fost inmanat de reprezentantul ziarului Puterea, Dan Filimon, si a venit intr-un moment potrivit si fericit din viata lui Dan Nitescu, a carui sotie urmeaza sa nasca in cel mai scurt timp.<\/p>\n<p style=\"text-align: left;\">La 40 de zile de la trecerea la cele vesnice a jurnalistului de front Mile Carpenisan, un grup de initiativa format din ziaristi si prieteni ai sai a luat hotar\u00e2rea sa ii omagieze trecerea pe acest pam\u00e2nt prin instituirea unui Premiu anual pentru Curaj si Excelenta in Jurnalism, care sa poarte numele celui care ram\u00e2ne un reper al jurnalismului de front \u2013 indiferent ca acesta este deschis in fosta Iugoslavie, Irak sau Rom\u00e2nia.<\/p>\n<p style=\"text-align: left;\">Astazi, de Ziua Libertatii Presei, jurnalistii de la Civic Media au decernat Premiul \u201cMile Carpenisan\u201d pentru Curaj in Jurnalism unui coleg din presa, care pe parcursul anului trecut a dovedit, ca si Mile, ca pentru a transmite un reportaj sau a aduce adevarul de pe \u201cteren\u201d la cunostinta opiniei publice este in stare sa-si riste, intr-o situatie extrema, chiar si libertatea.<\/p>\n<p style=\"text-align: left;\">Activitatea celui desemnat sa primeasca Premiul \u201cMile Carpenisan\u201d pentru Curaj si Excelenta in Jurnalism este redata pe portalul <a href=\"http:\/\/www.inmemoriam-milecarpenisan.ro\/\" target=\"_blank\">www.inmemoriam-milecarpenisan.ro<\/a> lansat vineri, 30 aprilie 2010, la 40 de zile de la plecarea lui Mile Carpenisan. Prietenii jurnalistului si-au propus ca pana la anul sa instituie si bursa \u201cMile Carpenisan\u201d pentru ziaristi tineri de investigatie.<\/p>\n<p><a href=\"http:\/\/roncea.ro\/wp-content\/uploads\/2010\/05\/Premiul-Mile-Carpenisan-Civic-Media-Dan-Nitescu-Blog.jpg\"><img loading=\"lazy\" title=\"Premiul Mile  Carpenisan Civic Media Dan Nitescu Blog\" src=\"http:\/\/roncea.ro\/wp-content\/uploads\/2010\/05\/Premiul-Mile-Carpenisan-Civic-Media-Dan-Nitescu-Blog.jpg\" alt=\"\" width=\"550\" height=\"368\" \/><\/a><a href=\"http:\/\/roncea.ro\/wp-content\/uploads\/2010\/05\/Dan-Nitescu-premiul-Mile-Carpenisan-Blog.jpg\"><img loading=\"lazy\" title=\"Dan Nitescu premiul  Mile Carpenisan Blog\" src=\"http:\/\/roncea.ro\/wp-content\/uploads\/2010\/05\/Dan-Nitescu-premiul-Mile-Carpenisan-Blog.jpg\" alt=\"\" width=\"550\" height=\"581\" \/><\/a><br \/>\n<object width=\"550\" height=\"350\" classid=\"clsid:d27cdb6e-ae6d-11cf-96b8-444553540000\" codebase=\"http:\/\/download.macromedia.com\/pub\/shockwave\/cabs\/flash\/swflash.cab#version=6,0,40,0\"><param name=\"allowFullScreen\" value=\"true\" \/><param name=\"allowScriptAccess\" value=\"always\" \/><param name=\"src\" value=\"http:\/\/www.dailymotion.com\/swf\/video\/xd67nx\" \/><param name=\"allowfullscreen\" value=\"true\" \/><param name=\"allowscriptaccess\" value=\"always\" \/><embed width=\"550\" height=\"350\" type=\"application\/x-shockwave-flash\" src=\"http:\/\/www.dailymotion.com\/swf\/video\/xd67nx\" allowFullScreen=\"true\" allowScriptAccess=\"always\" allowfullscreen=\"true\" allowscriptaccess=\"always\" \/><\/object><\/p>\n<p>Vedeti si: <a href=\"http:\/\/www.antena3.ro\/externe\/jurnalistul-dan-nitescu-am-fost-obligati-sa-parasim-moldova-pana-la-ora-18-00-69097.html\">Jurnalistul Dan Ni\u0163escu: Am fost obliga\u0163i s\u0103 p\u0103r\u0103sim Moldova p\u00e2n\u0103 la ora 18.00 <\/a><\/p>\n<\/div>\n<\/div>\n<\/div>\n","protected":false},"excerpt":{"rendered":"<p>Jurnalistul si operatorul Dan Ni\u0163escu de la Antena 3 a fost distins azi, de Ziua Libertatii Presei, cu Premiul \u201cMile Carpenisan\u201d pentru Curaj si Excelenta in Jurnalism, oferit in premiera, in memoriam Mile Carpenisan. Dan Nitescu s-a remarcat in timpul evenimentelor din 7 aprilie 2009 din Basarabia, prin curaj si profesionalism, in slujba adevarului, relatand din mijlocul manifestantilor anticomunisti in conditiile in care era urmarit pentru expulzare de catre autoritatile fostului regim represiv de la Chisinau<\/p>\n","protected":false},"author":1,"featured_media":0,"comment_status":"open","ping_status":"open","sticky":false,"template":"","format":"standard","meta":[],"categories":[5,4,1],"tags":[14,13,12],"_links":{"self":[{"href":"https:\/\/inmemoriam-milecarpenisan.ro\/index.php?rest_route=\/wp\/v2\/posts\/71"}],"collection":[{"href":"https:\/\/inmemoriam-milecarpenisan.ro\/index.php?rest_route=\/wp\/v2\/posts"}],"about":[{"href":"https:\/\/inmemoriam-milecarpenisan.ro\/index.php?rest_route=\/wp\/v2\/types\/post"}],"author":[{"embeddable":true,"href":"https:\/\/inmemoriam-milecarpenisan.ro\/index.php?rest_route=\/wp\/v2\/users\/1"}],"replies":[{"embeddable":true,"href":"https:\/\/inmemoriam-milecarpenisan.ro\/index.php?rest_route=%2Fwp%2Fv2%2Fcomments&post=71"}],"version-history":[{"count":8,"href":"https:\/\/inmemoriam-milecarpenisan.ro\/index.php?rest_route=\/wp\/v2\/posts\/71\/revisions"}],"predecessor-version":[{"id":75,"href":"https:\/\/inmemoriam-milecarpenisan.ro\/index.php?rest_route=\/wp\/v2\/posts\/71\/revisions\/75"}],"wp:attachment":[{"href":"https:\/\/inmemoriam-milecarpenisan.ro\/index.php?rest_route=%2Fwp%2Fv2%2Fmedia&parent=71"}],"wp:term":[{"taxonomy":"category","embeddable":true,"href":"https:\/\/inmemoriam-milecarpenisan.ro\/index.php?rest_route=%2Fwp%2Fv2%2Fcategories&post=71"},{"taxonomy":"post_tag","embeddable":true,"href":"https:\/\/inmemoriam-milecarpenisan.ro\/index.php?rest_route=%2Fwp%2Fv2%2Ftags&post=71"}],"curies":[{"name":"wp","href":"https:\/\/api.w.org\/{rel}","templated":true}]}}