{"id":33,"date":"2010-05-01T02:34:59","date_gmt":"2010-05-01T02:34:59","guid":{"rendered":"http:\/\/inmemoriam-milecarpenisan.ro\/2010\/05\/01\/in-fata-lui-hristos-fratele-nostru-mile-carpenisan-la-40-de-zile-sa-se-inalte-sufletul-lui-la-cer-asa-cum-s-a-inaltat-iisus-dupa-inviere\/"},"modified":"2010-05-01T03:51:23","modified_gmt":"2010-05-01T03:51:23","slug":"in-fata-lui-hristos-fratele-nostru-mile-carpenisan-la-40-de-zile-sa-se-inalte-sufletul-lui-la-cer-asa-cum-s-a-inaltat-iisus-dupa-inviere","status":"publish","type":"post","link":"https:\/\/inmemoriam-milecarpenisan.ro\/?p=33","title":{"rendered":"In fa\u0163a lui Hristos. Fratele nostru, Mile Carpenisan, la 40 de zile. Sa se inalte sufletul lui la Cer asa cum s-a inaltat Iisus dupa Inviere!"},"content":{"rendered":"<p><a href=\"http:\/\/roncea.ro\/wp-content\/uploads\/2010\/05\/Mile-Carpenisan.jpg\"><img loading=\"lazy\" title=\"Mile Carpenisan\" src=\"http:\/\/roncea.ro\/wp-content\/uploads\/2010\/05\/Mile-Carpenisan.jpg\" alt=\"\" width=\"446\" height=\"322\" \/><\/a><br \/>\n<em><strong>&#8221; Prin invierea Sa Hristos a inviat lumea, inviindu-ne si pe noi spre viata de veci, caci El este Invierea si Viata&#8221; <\/strong><\/em>(<em>Ioan XI, 25<\/em>)<br \/>\n\u00cendur\u0103-Te, Doamne, de robul T\u0103u,  Alin Andreia Mile C\u0103rpeni\u015fan, cel  plecat la Tine acum 40 de zile.  \u00cendur\u0103-Te, Doamne, \u015fi f\u0103-l om de z\u0103pad\u0103  \u015fi d\u0103-i aripi de \u00eenger \u015fi-un  petic de Rai. \u00cendur\u0103-Te, Doamne, \u015fi mai  strecoar\u0103 \u00een cartea vie\u0163ii lui o  pagin\u0103. E scris\u0103 de el. E o spovedanie.<\/p>\n<p>\u201cDe ce nu suntem perfec\u0163i \u015fi de ce dezam\u0103gim?! Pentru c\u0103 am reu\u015fit s\u0103   comitem p\u0103catul ini\u0163ial. Primul pe care l-am dezam\u0103git a fost  Dumnezeu.  Am plecat apoi pe drumul \u00abales\u00bb de noi. E, de fapt, calea  dezam\u0103girilor  eterne. Au \u00eenceput s\u0103 se nasc\u0103 copii. Tot de atunci,  copiii aduc cu ei,  pe l\u00e2ng\u0103 bucurie, uneori dezam\u0103gire. La na\u015ftere  primim o not\u0103 de la 1  la 10. Unii dezam\u0103gim din start. Doctorii \u015fi  totodat\u0103 p\u0103rin\u0163ii. Ei nu  ob\u0163in nota a\u015fteptat\u0103. Apoi cre\u015ftem \u015fi \u00een noi  se investesc ani de via\u0163\u0103,  sentimente \u015fi bani. Dar s-ar putea s\u0103  dezam\u0103gim din nou.<\/p>\n<p>Nu suntem \u00eentotdeauna a\u015fa cum \u00ee\u015fi doresc al\u0163ii s\u0103 fim. P\u0103rin\u0163ii sunt   adev\u0103ra\u0163ii eroi. Ei lupt\u0103 \u015fi pentru cauze pierdute. Ne acord\u0103 noi \u015fi  noi  \u015fanse. Sper\u0103 s\u0103 devenim \u00abcineva\u00bb sau m\u0103car \u00abceva\u00bb \u00een via\u0163\u0103.<\/p>\n<p>\u00cei  dezam\u0103gim \u00eens\u0103 \u00een clasa I, c\u00e2nd nu \u015ftim s\u0103 desen\u0103m bastona\u015fe  corect sau  nu vrem s\u0103 color\u0103m \u00een abecedar; \u00eentr-a II-a nici nu ne  sinchisim cu  tabla \u00eenmul\u0163irii. Vine apoi \u015fi a III-a, iar ei v\u0103d c\u0103  premiile \u015fi  coroni\u0163ele le culeg al\u0163i elevi. Ce dezam\u0103gire!<\/p>\n<p>\u00cen liceu suntem doar ni\u015fte tineri rebeli. Avem capetele rase sau   p\u0103rul lung; blugii rup\u0163i sau prea largi; ne place muzica \u015fi nu d\u0103m 2 lei   pe teze. De acum dezam\u0103gim deja societatea.<\/p>\n<p>Urmeaz\u0103 marile dezam\u0103giri ale vie\u0163ii, dar noi nici m\u0103car nu ne g\u00e2ndim   la ele. Ne lu\u0103m un job care, bine\u00een\u0163eles, nu e pe placul tuturor. E   prost pl\u0103tit \u015fi muncim de ne stric\u0103m s\u0103n\u0103tatea. Nu suntem niciodat\u0103   aprecia\u0163i, pentru c\u0103 \u015fefii au prefera\u0163ii lor, care sunt dota\u0163i cu limbi   m\u0103t\u0103soase \u015fi \u015ftiu unde s\u0103 le aplice, practica aceasta \u0163in\u00e2nd loc de   competen\u0163\u0103 \u015fi devotament. Ne facem tot mai greu c\u00e2\u0163iva prieteni \u015fi   cl\u0103dim, ani la r\u00e2nd, o rela\u0163ie. G\u0103sim cu greu un \u00absuflet pereche\u00bb \u015fi vor   fi mul\u0163i aceia care nu vor fi de acord. Desigur, vine \u015fi CLIPA. Clipa   \u00een care prietenii te vor dezam\u0103gi cumplit sau poate\u2026 tu o vei face.<\/p>\n<p>Vine \u015fi ziua \u00een care consta\u0163i c\u0103 \u00abperechea\u00bb te \u00een\u015fela de mult sau   poate\u2026 chiar tu o f\u0103ceai. La final\u2026 La final, to\u0163i suntem cumva   dezam\u0103gi\u0163i \u015fi cam imperfec\u0163i. Dac\u0103 d\u0103 o minune \u015fi apuci b\u0103tr\u00e2ne\u0163ea, ea   \u00ee\u0163i va aduce \u00eens\u0103 un dar sau\u2026 o povar\u0103 \u2013 \u00cen\u0163elepciunea. Constat\u0103m   atunci, cu to\u0163ii, c\u00e2t de m\u0103runte au fost cele dinainte, \u00een fa\u0163a celor   care ar putea s\u0103 vie. \u015ei sigur regret\u0103m \u015fi sim\u0163im gustul amar al   dezam\u0103girii, c\u00e2nd realiz\u0103m c\u00e2t de aproape am fost de PERFEC\u0162IUNE. Totul   era s\u0103 ne aducem aminte, cu ceva timp \u00eenainte s\u0103 murim, c\u0103 \u00ab\u015eI DUMNEZEU   IART\u0102\u00bb.\u201d (7 iunie 2007<a href=\"http:\/\/www.milecarpenisan.wordpress.com\/\" target=\"_blank\"><em><strong> <\/strong><\/em><\/a>).<\/p>\n<p>Ast\u0103zi, la Timi\u015foara, lui <a href=\"http:\/\/milecarpenisan.ro\/\">Mile  C\u0103rpeni\u015fan<\/a> i s-a savarsit parastasul de 40  de zile. La ceruri, Mile  e \u00een fa\u0163a lui Hristos. Dumnezeu s\u0103-l ierte \u015fi  s\u0103-l odihneasc\u0103 \u00een pace!<\/p>\n<p><em><a href=\"http:\/\/www.jurnalul.ro\/stire-special\/mile-in-fata-lui-hristos-542438.html\">Jurnalul National<\/a><\/em><\/p>\n","protected":false},"excerpt":{"rendered":"<p>Ast\u0103zi, la Timi\u015foara, lui Mile C\u0103rpeni\u015fan i s-a savarsit parastasul de 40 de zile. La ceruri, Mile e \u00een fa\u0163a lui Hristos. Dumnezeu s\u0103-l ierte \u015fi s\u0103-l odihneasc\u0103 \u00een pace!<\/p>\n","protected":false},"author":1,"featured_media":0,"comment_status":"open","ping_status":"open","sticky":false,"template":"","format":"standard","meta":[],"categories":[4],"tags":[69,3],"_links":{"self":[{"href":"https:\/\/inmemoriam-milecarpenisan.ro\/index.php?rest_route=\/wp\/v2\/posts\/33"}],"collection":[{"href":"https:\/\/inmemoriam-milecarpenisan.ro\/index.php?rest_route=\/wp\/v2\/posts"}],"about":[{"href":"https:\/\/inmemoriam-milecarpenisan.ro\/index.php?rest_route=\/wp\/v2\/types\/post"}],"author":[{"embeddable":true,"href":"https:\/\/inmemoriam-milecarpenisan.ro\/index.php?rest_route=\/wp\/v2\/users\/1"}],"replies":[{"embeddable":true,"href":"https:\/\/inmemoriam-milecarpenisan.ro\/index.php?rest_route=%2Fwp%2Fv2%2Fcomments&post=33"}],"version-history":[{"count":5,"href":"https:\/\/inmemoriam-milecarpenisan.ro\/index.php?rest_route=\/wp\/v2\/posts\/33\/revisions"}],"predecessor-version":[{"id":57,"href":"https:\/\/inmemoriam-milecarpenisan.ro\/index.php?rest_route=\/wp\/v2\/posts\/33\/revisions\/57"}],"wp:attachment":[{"href":"https:\/\/inmemoriam-milecarpenisan.ro\/index.php?rest_route=%2Fwp%2Fv2%2Fmedia&parent=33"}],"wp:term":[{"taxonomy":"category","embeddable":true,"href":"https:\/\/inmemoriam-milecarpenisan.ro\/index.php?rest_route=%2Fwp%2Fv2%2Fcategories&post=33"},{"taxonomy":"post_tag","embeddable":true,"href":"https:\/\/inmemoriam-milecarpenisan.ro\/index.php?rest_route=%2Fwp%2Fv2%2Ftags&post=33"}],"curies":[{"name":"wp","href":"https:\/\/api.w.org\/{rel}","templated":true}]}}