{"id":24,"date":"2010-05-01T02:16:07","date_gmt":"2010-05-01T02:16:07","guid":{"rendered":"http:\/\/inmemoriam-milecarpenisan.ro\/?p=24"},"modified":"2010-05-01T02:16:07","modified_gmt":"2010-05-01T02:16:07","slug":"george-roncea-onoare-in-eternitate-pentru-mile-carpenisan","status":"publish","type":"post","link":"https:\/\/inmemoriam-milecarpenisan.ro\/?p=24","title":{"rendered":"George Roncea: Onoare \u00een eternitate pentru Mile C\u0103rpeni\u015fan"},"content":{"rendered":"<p><em><a href=\"http:\/\/roncea.ro\/wp-content\/uploads\/2010\/03\/Crucea-lui-Mile.jpg\"><img loading=\"lazy\" title=\"Crucea lui Mile\" src=\"http:\/\/roncea.ro\/wp-content\/uploads\/2010\/03\/Crucea-lui-Mile.jpg\" alt=\"\" width=\"479\" height=\"507\" \/><\/a>Scris de<\/em> <a href=\"mailto:roncea@yahoo.com\">George Roncea<\/a><\/p>\n<p>E foarte greu s\u0103 \u201efaci o \u015ftire\u201c la moartea unui prieten. Am ajuns la   Timi\u015foara pentru a-l \u00eenso\u0163i pe Mile, pe ultimul drum, cu inima fr\u00e2nt\u0103.   Nici acum nu-mi vine s\u0103 cred c\u0103 scriu despre moartea lui. S-a dus \u00een   preajma s\u0103rb\u0103torii  de Buna Vestire, mare s\u0103rb\u0103toare cre\u015ftin\u0103. Sute de  timi\u015foreni, de s\u00e2rbi,  c\u00e2\u0163iva fo\u015fti colegi, oficialit\u0103\u0163i, cadre militare  au venit s\u0103-l  petreac\u0103, la cimitir, \u00eentr-o zi cu soare \u015fi multe, multe  lacrimi \u015fi  flori.<br \/>\nIeri s-au \u00eemplinit exact 11 ani de la \u00eenceputul  bombardamentelor asupra  Iugoslaviei, r\u0103zboiul \u00een care a debutat cariera  de excep\u0163ie a lui  Mile. Avea 23 de ani, un pu\u015fti. Un pu\u015fti cu s\u00e2nge \u00een  el. \u00cen anii care  au trecut de atunci, Mile a devenit un reper, un  meseria\u015f autentic,  dintre cei din ce \u00een ce mai pu\u0163ini ast\u0103zi.<br \/>\nS-a dus  prea devreme. \u00centr-una dintre ultimele sale post\u0103ri de pe blog,  Mile  scria, din Sinatra: \u201eacum sf\u00e2r\u015fitul e aproape \u015fi \u00eenfrunt cortina  final\u0103. Prietene,  \u00ee\u0163i spun clar c\u0103 \u00eemi sus\u0163in cauza de care sunt sigur.  Am tr\u0103it o via\u0163\u0103  plin\u0103, am c\u0103l\u0103torit pe fiecare cale a mea, dar mai  mult, mai mult dec\u00e2t  at\u00e2t, am f\u0103cut-o \u00een felul meu.<br \/>\nRegrete am c\u00e2teva, dar apoi\u2026 sunt  prea pu\u0163ine pe care s\u0103 le men\u0163ionez.  Am f\u0103cut ceea ce trebuie s\u0103 fac\u2026  am \u00eenfruntat tot \u015fi am stat drept\u2026  mi-am asumat toate bunele \u015fi relele  \u015fi p\u00e2n\u0103 la urm\u0103 am mers pe calea  mea\u2026 un b\u0103rbat trebuie s\u0103 aib\u0103  puterea s\u0103 spun\u0103 lucrurilor pe nume\u2026\u201c.<br \/>\nAsta a f\u0103cut Mile, a spus  lucrurilor pe nume, a \u00eenfruntat iadul  r\u0103zboaielor nedrepte \u015fi \u00eempu\u0163ite  pentru a spune oamenilor, c\u00e2t putea el  de tare \u015fi de r\u0103spicat, c\u0103 e prea  mult R\u0103u \u00een jur, \u00een ceea ce fac  puternicii lumii sau \u00een ceea ce fac  oamenii simpli de obicei t\u0103c\u00e2nd \u015fi  trec\u00e2nd cu vederea nedreptatea, r\u0103ul  din jur \u015fi crima  institu\u0163ionalizat\u0103 a r\u0103zboaielor. Str\u0103bunicii lui Mile  s-au jertfit la  Kosovo Pole, c\u00e2mpia mor\u0163ii unui neam, neamul s\u00e2rbilor,  ce a  supravie\u0163uit totu\u015fi ren\u0103sc\u00e2nd miraculos. R\u0103zboiul din 1999 i-a  zdrobit  din nou, iar Mile a fost acela care, vreme de trei luni, a stat  atunci  la capul neamului s\u0103u, transmi\u0163\u00e2nd \u00eentregii lumi povestea dramei  care  se petrecea, s\u00e2nger\u00e2nd zi de zi al\u0103turi de ai s\u0103i (\u015fi ai no\u015ftri).  \u015ei  Mile s-a n\u0103scut r\u0103zboinic, un lupt\u0103tor \u00een toat\u0103 regula, un b\u0103rbat  care a  f\u0103cut ce trebuie s\u0103 fac\u0103 un b\u0103rbat: \u201es\u0103 spun\u0103 lucrurilor pe  nume\u201c.<\/p>\n<p>\u015ei eu, \u015fi Sorin Bogdan, colegul \u015fi vechiul s\u0103u prieten  timi\u015forean,  am scris \u00een aceste zile despre Mile, f\u0103r\u0103 s\u0103 ne vorbim unul  cu altul,  acela\u015fi lucru: era un adev\u0103rat r\u0103zboinic, un lupt\u0103tor \u015fi un  b\u0103rbat  dintr-o bucat\u0103. Ce s\u0103 caute un om dintr-o bucat\u0103 \u00eentr-o lume de   sferto-oameni, de ipochimeni?<br \/>\nA plecat de la televiziunea unde se  consacrase, c\u0103reia \u00eei adusese  prestigiu de sil\u0103, s\u0103tul de impostur\u0103 \u015fi  la\u015fitate \u015fi prostie \u015fi  tic\u0103lo\u015fie. Tot felul de tic\u0103lo\u015fi nevolnici \u00eel  c\u0103ineaz\u0103 ast\u0103zi pe Mile,  un Ion Iliescu, un N\u0103stase etc., oameni c\u0103rora  nici o flegm\u0103 nu ar  merita s\u0103 le acorzi, en passant. Ce spunea Mile  despre astfel de  homunculi \u015fi despre lumea lor?: \u201e\u2026 ave\u0163i impresia c\u0103  miroase a  prim\u0103var\u0103, dar vine C\u0103rpeni\u015fan \u015fi v\u0103 spune c\u0103 pute\u201c.<br \/>\nScriam  \u00een ziua \u00een care a c\u0103zut ca un tr\u0103snet vestea mor\u0163ii lui Mile  despre  jagardelele cu trese \u015fi galoane de generali \u00eempopo\u0163ona\u0163i de  Iliescu cu  Ordinul \u201eMihai Viteazul\u201c, ordin dedicat Cavalerilor care  s-au jertfit  pentru \u0162ar\u0103 \u015fi Neam. Scriam cu aceea\u015fi sc\u00e2rb\u0103 fa\u0163\u0103 de  impostur\u0103, cred,  pe care o sim\u0163ea \u015fi Mile, adev\u0103ratul Cavaler care s-a  desp\u0103r\u0163it cu sil\u0103  de lumea aceasta str\u00e2mb\u0103.<br \/>\nO mic\u0103 repara\u0163ie moral\u0103 pentru Mile a  venit mar\u0163i, c\u00e2nd statul rom\u00e2n  i-a acordat lui Mile o cinste pe care  acesta o merita de drept:  \u201ePre\u015fedintele Rom\u00e2niei, Traian B\u0103sescu, a  semnat mar\u0163i, 23 martie a.c.,  Decretul privind conferirea post-mortem a  Ordinului Na\u0163ional  \u00abServiciul Credincios\u00bb \u00een grad de Cavaler  jurnalistului Mile  C\u0103rpeni\u015fan, \u00een semn de recuno\u015ftin\u0163\u0103 \u015fi apreciere  pentru obiectivitatea  \u015fi profesionalismul de excep\u0163ie\u201c. Conferirea  ordinului \u00eel asimileaz\u0103 pe  Mile cu un cadru militar, iar Armata Rom\u00e2n\u0103  i-a acordat gradul de  sublocotenent post-mortem.<br \/>\nMile a avut astfel  parte de trei rafale trase c\u0103tre cer, de pe marginea  morm\u00e2ntului s\u0103u, de  c\u0103tre garda de onoare militar\u0103. Onoare pentru  Mile, onoare pentru  Rom\u00e2nia, \u0163ara c\u0103reia s\u00e2rbul\/rom\u00e2n Mile C\u0103rpeni\u015fan,  fratele nostru, i-a  \u00eenchinat via\u0163a \u015fi munca, oferindu-ne un reper de  b\u0103rbat drept \u015fi curajos  care a f\u0103cut ce \u015ftia c\u0103 trebuie s\u0103 fac\u0103: s\u0103  spun\u0103 Adev\u0103rul, s\u0103 spun\u0103  lucrurilor pe nume\u2026<\/p>\n<p><strong>Adio, Mile, ne revedem \u00een partea  ailalt\u0103 (daca vom avea  noroc si noi)\u2026<\/strong><\/p>\n","protected":false},"excerpt":{"rendered":"<p>Adio, Mile, ne revedem \u00een partea ailalt\u0103 (daca vom avea noroc si noi)\u2026<\/p>\n","protected":false},"author":1,"featured_media":0,"comment_status":"open","ping_status":"open","sticky":false,"template":"","format":"standard","meta":[],"categories":[4],"tags":[6,3],"_links":{"self":[{"href":"https:\/\/inmemoriam-milecarpenisan.ro\/index.php?rest_route=\/wp\/v2\/posts\/24"}],"collection":[{"href":"https:\/\/inmemoriam-milecarpenisan.ro\/index.php?rest_route=\/wp\/v2\/posts"}],"about":[{"href":"https:\/\/inmemoriam-milecarpenisan.ro\/index.php?rest_route=\/wp\/v2\/types\/post"}],"author":[{"embeddable":true,"href":"https:\/\/inmemoriam-milecarpenisan.ro\/index.php?rest_route=\/wp\/v2\/users\/1"}],"replies":[{"embeddable":true,"href":"https:\/\/inmemoriam-milecarpenisan.ro\/index.php?rest_route=%2Fwp%2Fv2%2Fcomments&post=24"}],"version-history":[{"count":1,"href":"https:\/\/inmemoriam-milecarpenisan.ro\/index.php?rest_route=\/wp\/v2\/posts\/24\/revisions"}],"predecessor-version":[{"id":25,"href":"https:\/\/inmemoriam-milecarpenisan.ro\/index.php?rest_route=\/wp\/v2\/posts\/24\/revisions\/25"}],"wp:attachment":[{"href":"https:\/\/inmemoriam-milecarpenisan.ro\/index.php?rest_route=%2Fwp%2Fv2%2Fmedia&parent=24"}],"wp:term":[{"taxonomy":"category","embeddable":true,"href":"https:\/\/inmemoriam-milecarpenisan.ro\/index.php?rest_route=%2Fwp%2Fv2%2Fcategories&post=24"},{"taxonomy":"post_tag","embeddable":true,"href":"https:\/\/inmemoriam-milecarpenisan.ro\/index.php?rest_route=%2Fwp%2Fv2%2Ftags&post=24"}],"curies":[{"name":"wp","href":"https:\/\/api.w.org\/{rel}","templated":true}]}}