{"id":195,"date":"2019-05-27T20:41:00","date_gmt":"2019-05-27T20:41:00","guid":{"rendered":"https:\/\/inmemoriam-milecarpenisan.ro\/?p=195"},"modified":"2020-09-08T21:08:35","modified_gmt":"2020-09-08T21:08:35","slug":"interzis-in-ucraina-jurnalistul-roman-vlad-cubreacov-primeste-primeste-premiul-mile-carpenisan-pentru-curaj-si-excelenta-in-jurnalism","status":"publish","type":"post","link":"https:\/\/inmemoriam-milecarpenisan.ro\/?p=195","title":{"rendered":"Interzis \u00een Ucraina, jurnalistul rom\u00e2n Vlad Cubreacov prime\u0219te prime\u0219te  Premiul \u201cMile C\u0103rpeni\u0219an pentru Curaj \u0219i Excelen\u021b\u0103 \u00een Jurnalism\u201d"},"content":{"rendered":"\n<figure class=\"wp-block-image size-large\"><img loading=\"lazy\" width=\"1000\" height=\"702\" src=\"https:\/\/inmemoriam-milecarpenisan.ro\/wp-content\/uploads\/2020\/09\/Diploma-Mile-Carpenisan-Vlad-Cubreacov-Civic-Media-Ziaristi-Online1.jpg\" alt=\"\" class=\"wp-image-196\" srcset=\"https:\/\/inmemoriam-milecarpenisan.ro\/wp-content\/uploads\/2020\/09\/Diploma-Mile-Carpenisan-Vlad-Cubreacov-Civic-Media-Ziaristi-Online1.jpg 1000w, https:\/\/inmemoriam-milecarpenisan.ro\/wp-content\/uploads\/2020\/09\/Diploma-Mile-Carpenisan-Vlad-Cubreacov-Civic-Media-Ziaristi-Online1-300x211.jpg 300w, https:\/\/inmemoriam-milecarpenisan.ro\/wp-content\/uploads\/2020\/09\/Diploma-Mile-Carpenisan-Vlad-Cubreacov-Civic-Media-Ziaristi-Online1-768x539.jpg 768w\" sizes=\"(max-width: 1000px) 100vw, 1000px\" \/><\/figure>\n\n\n\n<p><strong>Jurnalistul rom\u00e2n Vlad Cubreacov, pre\u0219edinte al cunoscutei Asocia\u021bii basarabene <a href=\"https:\/\/www.facebook.com\/R%C4%83s%C4%83ritul-Rom%C3%A2nesc-573329682792584\/\">R\u0103s\u0103ritul Rom\u00e2nesc<\/a> \u0219i unul dintre cei care au reu\u0219it reactivarea Mitropoliei Basarabiei, prime\u0219te anul acesta Premiul \u201cMile C\u0103rpeni\u0219an pentru Curaj \u0219i Excelen\u021b\u0103 \u00een Jurnalism\u201d din partea Asocia\u021biei Civic Media, care a \u00eenfiin\u021bat acest premiu, ce poart\u0103 numele jurnalistului de r\u0103zboi timi\u0219orean plecat prea devreme dintre noi, pentru a recompensa ziari\u0219tii care \u00ee\u0219i dedic\u0103 activitatea lor rom\u00e2nilor din \u021bar\u0103 \u0219i din jurul Rom\u00e2niei indiferent de riscuri.<\/strong><\/p>\n\n\n\n<p>Vlad Cubreacov a primit recent interdic\u021bie de a intra pe teritoriul Ucrainei. Anun\u021bul a fost f\u0103cut public de c\u0103tre Ruslan Storojuk, \u0219eful Securit\u0103\u021bii ucrainene din regiunea Cern\u0103u\u021bi. Un alt jurnalist rom\u00e2n, Viorel Patrichi, a primit \u0219i el aceea\u0219i sanc\u021biune, informa <a href=\"https:\/\/www.activenews.ro\/stiri-basarabia\/Vlad-Cubreacov-a-primit-interdictie-de-a-intra-pe-teritoriul-Ucrainei-pe-motiv-de-raspandire-a-materialelor-cu-caracter-unionist-154276\"><strong>ActiveNews<\/strong> <\/a>la inceputul anului. Tot \u00een aceea\u0219i perioad\u0103 \u00eentregul con\u021binut al <a href=\"https:\/\/cubreacov.wordpress.com\/\">blogului s\u0103u de pe platforma wordpress<\/a>, construit \u00een mai bine de un deceniu, a fost \u0219ters \u00een urma unui atac extern. \u00cen prezent acesta \u0219i-a reluat activitatea pe un nou blog: <a href=\"https:\/\/cubreacovblog.wordpress.com\/\">https:\/\/cubreacovblog.wordpress.com.<\/a> Analizele sale pot fi g\u0103site \u0219i pe portalul <a href=\"http:\/\/www.ziaristionline.ro\/tag\/vlad-cubreacov\/\">Ziaristi Online<\/a>.<\/p>\n\n\n\n<figure class=\"wp-block-image size-large\"><img loading=\"lazy\" width=\"960\" height=\"647\" src=\"https:\/\/inmemoriam-milecarpenisan.ro\/wp-content\/uploads\/2020\/09\/Vlad-Cubreacov-11.jpg\" alt=\"\" class=\"wp-image-197\" srcset=\"https:\/\/inmemoriam-milecarpenisan.ro\/wp-content\/uploads\/2020\/09\/Vlad-Cubreacov-11.jpg 960w, https:\/\/inmemoriam-milecarpenisan.ro\/wp-content\/uploads\/2020\/09\/Vlad-Cubreacov-11-300x202.jpg 300w, https:\/\/inmemoriam-milecarpenisan.ro\/wp-content\/uploads\/2020\/09\/Vlad-Cubreacov-11-768x518.jpg 768w\" sizes=\"(max-width: 960px) 100vw, 960px\" \/><\/figure>\n\n\n\n<p>O list\u0103 incomplet\u0103 a celor care au fost declara\u021bi <em>persona non grata<\/em> \u00een Ucraina \u00een cursul ultimilor ani \u00eei include pe urm\u0103torii cet\u0103\u021beni rom\u00e2ni: preo\u021bii Mitropoliei Basarabiei Nicolae Asargiu \u0219i Anatolie Hristea, originari din sudul Basarabiei (regiunea Odesa), Mircea Druc, fost premier al Republicii Moldova, Valentin \u021aig\u0103u, jurnalist, Simona Laz\u0103r, jurnalist\u0103, Victor Roncea, jurnalist, Marian Voicu, jurnalist, Iulia Modiga, jurnalist\u0103, Eugen Popescu, director general al Institutului \u201dEudoxiu Hurmuzachi\u201d pentru Rom\u00e2nii de Pretutindeni, Sergiu Dan, jurnalist \u0219i consilier parlamentar originar din regiunea Transcarpatic\u0103, Constantin Codreanu, parlamentar, Vlad Durnea, pre\u0219edinte al Organiza\u021biei Studen\u021bilor Basarabeni din Rom\u00e2nia \u0219i consilier parlamentar, scriitorii George Muntean, Ion Beldeanu \u0219i Eugen P\u0103tra\u0219, fost vicepre\u0219edinte al Societ\u0103\u021bii pentru Cultur\u0103 Rom\u00e2neasc\u0103 \u201cMihai Eminescu\u201d din Cern\u0103u\u021bi, Constantin Moro\u0219anu, pre\u0219edintele \u201dAsocia\u021biei Prietenii Basarabiei, Bucovinei \u0219i \u021ainutului Herta\u201d, Alexandru Teodoreanu, director al Asocia\u0163iei Stindard \u0219i regretatul Vasile Ilinca, cercet\u0103tor \u0219i scriitor veteran care nu a mai apucat s\u0103-\u0219i vad\u0103 morm\u00e2ntul p\u0103rin\u021bilor. Vasile Ilica a fost martor al Masacrului de la F\u00e2ntana Alb\u0103 \u0219i membru de onoare al Asocia\u021biei Na\u021bionale pentru Cultul Eroilor c\u00e2t \u0219i membru al Asocia\u021bia \u201cPro Basarabia \u0219i Bucovina\u201d \u0219i Societ\u0103\u021bii pentru Cultur\u0103 Rom\u00e2neasc\u0103 \u201cMihai Eminescu\u201d din Cern\u0103u\u021bi \u0219i a fost distins pentru activitatea sa, printre multe altele, cu \u201ePremiul Document\u201d al Bibliotecii Na\u0163ionale a Republicii Moldova \u015fi Biroului de Informare al Comisiei Europene din Republica Moldova si cu Decoratia de Aur \u2013 Emblema de Onoare a Armatei Rom\u00e2niei.&nbsp; Dl. Vasile Ilica <a href=\"http:\/\/basarabia-bucovina.info\/2014\/09\/09\/ceremonia-de-premiere-a-veteranului-vasile-ilica-de-catre-basarabia-bucovina-info-la-muzeul-taranului-roman-fotovideo-de-ce-ne-urasc-rusii\/\">a fost premiat \u015fi de Asocia\u0163ia Civic Media \u015fi Basarabia-Bucovina.Info<\/a> cu <a href=\"http:\/\/basarabia-bucovina.info\/2014\/05\/05\/cercetatorul-vasile-ilica-interzis-in-ucraina-distins-cu-premiul-mile-carpenisan-pentru-curaj-si-excelenta-in-jurnalism-2014-de-catre-civic-media-si-basarabia-bucovina-info\/\">Premiul \u201cMile C\u0103rpeni\u015fan\u201d pentru Curaj \u015fi Excelen\u0163\u0103 \u00een jurnalism<\/a>. De asemenea <a href=\"http:\/\/basarabia-bucovina.info\/2016\/05\/04\/ziaristii-radio-romania-simona-lazar-si-valentin-tigau-premiul-mile-carpenisan-pentru-curaj-si-excelenta-in-jurnalism-2016-pentru-activitatea-lor-prodigioasa-in-slujba-adevarului-si-a-valorilor\/\">ziari\u015ftii Radio Rom\u00e2nia Simona Laz\u0103r \u015fi Valentin \u0162ig\u0103u, au primit Premiul \u201cMile C\u0103rpeni\u015fan\u201d pentru Curaj \u015fi Excelen\u0163\u0103 \u00een Jurnalism 2016, pentru activitatea lor prodigioas\u0103 \u00een slujba Adev\u0103rului \u015fi a Valorilor Rom\u00e2ne\u015fti (VIDEO)<\/a>.<\/p>\n\n\n\n<p>Ceea ce se petrece azi, prin interzicerea unui drept universal pentru jurnali\u0219tii rom\u00e2ni <a href=\"https:\/\/www.facebook.com\/cubreacov\">Vlad Cubreacov<\/a> si <a href=\"https:\/\/www.facebook.com\/patrichi.viorel?__tn__=%2CdK%2AF-R&amp;eid=ARAidmh2mp2PLDAJhhI7yxLJqQZe3GQvqn_p-j4-YAAtmGyGq1NSSAIpTlc8xT7WAH7hIxlBCFxYN9em\">Patrichi Viorel<\/a> este dovada c\u0103 absolut nimic nu s-a schimbat la nivelul aparatului de securitate ucrainean, care reprezint\u0103 cu adevarat statul revan\u0219ard Ucraina, a comentat Victor Roncea. <a href=\"https:\/\/www.facebook.com\/mae.romania\/?__xts__%5B0%5D=68.ARBvW4xYMboUUhHX0iDIue1rw--zk2F-P7D1g-BQWdyHDLQHQQ-yoh2FfsF7KEFInrE9zVSrpOc1w2rmI5yBLfb-LzIn3A9fuIpUPPHbo3-uiMHchHOV0gEx7TbJfjTvjT-Qskxsupzl88nruBuIdXqxLOBPIPPiY0Gu2cR56bZL4OCEEfFAnMru92od2psSajYeZF0cne0xJh6vORsOTBo6pSZ5VvzW0-7YjXXQT6djq5I06JT_dXka3ZkUD7BhocqgtXug-ypxNKZO6UJMmNRO0fU&amp;__tn__=%2CdK%2AF-R&amp;eid=ARBTCYE-Les2nTl-XPrwfWKb_aZtMlFwRHLxy6HnKBeRwaAXsL8vFHfcnHMBAbWtkgpqGPVgS5RaMYDI\">Ministerul Afacerilor Externe\/ Ministry of Foreign Affairs, Romania<\/a> \u0219i asocia\u2019iile rom\u00e2ne\u0219ti, europene \u0219i interna\u021bionale ale jurnalistilor ar fi trebui sa protesteze energic. Nu au facut-o. Simbolic, \u00eei acord\u0103m noi acest Premiu<a href=\"http:\/\/inmemoriam-milecarpenisan.ro\/\"><strong> In Memoriam Mile Carpenisan<\/strong><\/a> pentru \u00eentreaga sa activitate publicistic\u0103 \u00een slujba Rom\u00e2niei \u0219i a valorilor rom\u00e2ne\u0219ti.<\/p>\n\n\n\n<p><strong>Anun\u021bat \u00een general de Ziua Libert\u0103\u021bii Presei \u2013 3 Mai, anul acesta acordam Premiul pe 27 mai, \u00een cinstea men\u021bion\u0103rii pentru prima oar\u0103 \u00eentr-un hrisov a Marii Uniri, la 1600, de c\u0103tre Mihai Viteazul.<\/strong><\/p>\n\n\n\n<p>\u00cencep\u00e2nd din 2010, Civic Media a premiat de 3 Mai \u2013 Ziua Libert\u0103\u0163ii Presei \u2013 jurnalismul de front, prin Dan Ni\u0163escu, fostul operator \u015fi prieten al lui Mile C\u0103rpeni\u015fan, re\u0163inut abuziv de autorit\u0103\u0163ile de la Chi\u015fin\u0103u \u00een timpul evenimentelor din 7 aprilie 2009, pe ziaristrul free-lancer Cristian Botez, un veteran al majorit\u0103\u0163ii r\u0103zboaielor de pe glob din ultimele dou\u0103 decenii \u015fi jum\u0103tate, c\u00e2t \u015fi pe jurnalistul or\u0103dean Florin Budea, care s-a luptat pentru adev\u0103r \u00een instan\u0163\u0103 cu vicepre\u015fedintele Parlamentului European Laszlo Tokes, apoi pe redutabilul analist de politic\u0103 interna\u0163ional\u0103 \u2013 \u015fi nu numai \u2013 Corneliu Vlad, din vechea \u015fcoal\u0103 rom\u00e2neasc\u0103 de politic\u0103 extern\u0103 na\u0163ional\u0103, urmat de Dan Tanas\u0103, energicul blogger \u015fi ap\u0103r\u0103tor al drepturilor rom\u00e2nilor din Harghita \u015fi Covasna, pentru ca apoi s\u0103-l recompens\u0103m pentru \u00eentreaga sa activitate nepre\u0163uit\u0103 pe cercet\u0103torul bucovinean Vasile Ilica, veteran de r\u0103zboi \u015fi \u201cpersona non grata\u201d \u00een Ucraina, acum plecat dintre noi f\u0103r\u0103 a-\u015fi fi mai v\u0103zut plaiurile natale, urmat de istoricul \u015fi jurnalistul basarabean Alexandru Moraru pentru ca apoi s\u0103 recompens\u0103m onorific plurivalen\u0163a \u015fi profesionalismul a doi jurnali\u015fti extraordinari,&nbsp;so\u0163ii Simona Laz\u0103r \u015fi Valentin \u0162ig\u0103u, ziari\u015fti de marc\u0103 ai Radio Rom\u00e2nia, <a href=\"http:\/\/www.ziaristionline.ro\/2011\/07\/18\/civic-media-catre-traian-basescu-protest-fata-de-incalcarea-de-catre-ucraina-a-drepturilor-fundamentale-ale-omului-si-a-libertatii-presei-in-cazul-hagi-curda\/\">interzi\u015fi \u00een Ucraina pentru reportajele lor despre rom\u00e2nii din sudul Basarabiei<\/a>,&nbsp; \u00eentoarc\u00e2ndu-ne apoi la celalalt obraz p\u0103lmuit al Rom\u00e2niei, Premiul \u201cMile C\u0103rpeni\u015fan\u201d 2017 a fost oferit Publica\u0163iei Buletin de Carei \u015fi Doamnei Daniela Ciut\u0103, pentru \u00eentreaga sa activitate neobosit\u0103 ca ziarist\u0103 \u0219i Pre\u015fedinte al <a href=\"http:\/\/www.buletindecarei.ro\/2016\/08\/protest-al-asociatiei-fostilor-refugiati-stramutati-si-expulzati-din-ardealul-de-nord-filiala-carei.html\">Desp\u0103r\u0163\u0103m\u00e2ntului ASTRA Carei<\/a> \u015fi <a href=\"http:\/\/www.buletindecarei.ro\/2016\/08\/protest-al-asociatiei-fostilor-refugiati-stramutati-si-expulzati-din-ardealul-de-nord-filiala-carei.html\">filialei Carei a Asocia\u0163iei Fo\u015ftilor Refugia\u0163i<\/a>, Str\u0103muta\u0163i \u015fi Expulza\u0163i din Ardealul de Nord \u00een urma Dictatului de la Viena din 1940, anul trecut beneficiarul Premiului fiind jurnalistul de politic\u0103 interna\u021bional\u0103 <a href=\"http:\/\/inmemoriam-milecarpenisan.ro\/?p=183\">M\u0103d\u0103lin Nec\u0219u\u021bu<\/a>, coordonator al edi\u021biei online a Evenimentului Zilei de Moldova (<a href=\"http:\/\/evzmd.md\/component\/k2\/author\/68-m%C4%83d%C4%83lin-nec%C5%9Fu%C5%A3u.html\">evzmd.md<\/a>) \u0219i vicepre\u015fedinte al Asocia\u0163iei Interna\u0163ionale a Jurnali\u015ftilor Rom\u00e2ni (AIJR), format \u00een departamentul de politic\u0103 extern\u0103 na\u021bional\u0103 al ziarului ZIUA.<\/p>\n\n\n\n<p>\u00cen memoria lui Mile C\u0103rpeni\u015fan reamintim una din ultimele sale dorin\u0163e, l\u0103sate \u00een eter:<em> \u201cV\u0103 provoc s\u0103 fi\u0163i oameni! \u00cen fiecare zi, v\u0103 provoc s\u0103 face\u0163i c\u00e2te o fapt\u0103 bun\u0103\u201d<\/em>. S\u0103 nu uit\u0103m nicic\u00e2nd aceast\u0103 \u201cprovocare\u201d. Doamne, ajut\u0103!<\/p>\n\n\n\n<p><strong><a href=\"http:\/\/www.civicmedia.ro\/\">Asocia\u0163ia Civic Media<\/a><\/strong><\/p>\n\n\n\n<p><strong>Corneliu Vlad<\/strong><\/p>\n\n\n\n<p><strong>Victor Roncea<\/strong><\/p>\n\n\n\n<p><strong><a href=\"https:\/\/inmemoriam-milecarpenisan.ro\/?p=195\">In Memoriam Mile C\u0103rpeni\u015fan Ro<\/a><\/strong><\/p>\n\n\n\n<h4><br>INFO Vlad Cubreacov:<\/h4>\n\n\n\n<p><strong>INTERZIS \u00ceN UCRAINA. DECIZIE SBU<\/strong><\/p>\n\n\n\n<p>\u201cAflu cu perplexitate abia acum, dintr-o \u0219tire dat\u0103 publicit\u0103\u021bii alalt\u0103ieri, 16 ianuarie 2019, c\u0103 Serviciul de Securitate al Ucrainei (SBU) mi-a interzis intrarea \u00een aceast\u0103 \u021bar\u0103. Faptul interdic\u021biei a fost adus la cuno\u0219tin\u021b\u0103 public\u0103, \u00eentr-o conferin\u021b\u0103 de pres\u0103, de c\u0103tre Ruslan Storojuk, \u0219ef al Sec\u021biei SBU din regiunea Cern\u0103u\u021bi. Interdic\u021bia i s-a aplicat \u0219i domnului Viorel Patriche (probabil este vorba despre domnul Viorel Patrichi), men\u021bionat cu numele \u00een conferin\u021ba de pres\u0103, dar \u0219i altor doi cet\u0103\u021beni rom\u00e2ni. Cele comunicate de c\u0103tre \u0219eful Sec\u021biei SBU din regiunea Cern\u0103u\u021bi se rezum\u0103 la urm\u0103toarele: \u201d\u0417\u0430 \u0440\u043e\u0437\u043f\u043e\u0432\u0441\u044e\u0434\u0436\u0435\u043d\u043d\u044f \u043c\u0430\u0442\u0435\u0440\u0456\u0430\u043b\u0456\u0432 \u0443\u043d\u0456\u043e\u043d\u0456\u0441\u0442\u0441\u044c\u043a\u043e\u0433\u043e \u0437\u043c\u0456\u0441\u0442\u0443 \u0437\u0430\u0431\u043e\u0440\u043e\u043d\u0435\u043d\u043e \u0432\u2019\u0457\u0437\u0434 \u0433\u0440\u043e\u043c\u0430\u0434\u044f\u043d\u0430\u043c \u0420\u0443\u043c\u0443\u043d\u0456\u0457 \u0412\u0456\u043e\u0440\u0435\u043b\u0443 \u041f\u0430\u0442\u0440\u0456\u043a\u0435 \u0442\u0430 \u0412\u043b\u0430\u0434\u0443 \u041a\u0443\u0431\u0440\u044f\u043a\u043e\u0432\u0443\u201d \/ \u201dPentru r\u0103sp\u00e2ndirea materialelor av\u00e2nd con\u021binut unionist le este interzis\u0103 intrarea cet\u0103\u021benilor Rom\u00e2niei Viorel Patriche \u0219i Vlad Cubreacov\u201d. Alte detalii nu-mi sunt cunoscute. \u00centruc\u00e2t conferin\u021ba de pres\u0103 \u021binut\u0103 de \u0219eful Sec\u021biei SBU din regiunea Cern\u0103u\u021bi a fost una de bilan\u021b, reflect\u00e2nd activitatea respectivei structuri \u00een anul 2018, presupun c\u0103 interdic\u021bia de intrare \u00een Ucraina mi-a fost aplicat\u0103 anul trecut. De-a lungul anilor, SBU le-a aplicat mai multor jurnali\u0219ti rom\u00e2ni interdic\u021bia de intrare \u00een Ucraina. Au existat cazuri c\u00e2nd aceste interdic\u021bii au fost ridicate urmare a unor procese de judecat\u0103 intentate Serviciului de Securitate al Ucrainei. Prezint mai jos imaginea \u0219tirii de pe portalul de limb\u0103 ucrainean\u0103 BUKNEWS din Cern\u0103u\u021bi.\u201d<\/p>\n\n\n\n<p>Alte detalii la <strong><a href=\"http:\/\/www.ziaristionline.ro\/2019\/05\/27\/interzis-in-ucraina-jurnalistul-roman-vlad-cubreacov-primeste-primeste-anul-acesta-premiul-mile-carpenisan-pentru-curaj-si-excelenta-in-jurnalism-din-partea-asociatiei-civic-media\/\">Ziaristi Online<\/a><\/strong><\/p>\n\n\n\n<p><\/p>\n","protected":false},"excerpt":{"rendered":"<p>Jurnalistul rom\u00e2n Vlad Cubreacov, pre\u0219edinte al cunoscutei Asocia\u021bii basarabene R\u0103s\u0103ritul Rom\u00e2nesc \u0219i unul dintre cei care au reu\u0219it reactivarea Mitropoliei Basarabiei, prime\u0219te anul acesta Premiul \u201cMile C\u0103rpeni\u0219an pentru Curaj \u0219i Excelen\u021b\u0103 \u00een Jurnalism\u201d din partea Asocia\u021biei Civic Media, care a \u00eenfiin\u021bat acest premiu, ce poart\u0103 numele jurnalistului de r\u0103zboi timi\u0219orean plecat prea devreme dintre noi, [&hellip;]<\/p>\n","protected":false},"author":1,"featured_media":0,"comment_status":"open","ping_status":"open","sticky":false,"template":"","format":"standard","meta":[],"categories":[5,4],"tags":[16,69,3,71,43,70],"_links":{"self":[{"href":"https:\/\/inmemoriam-milecarpenisan.ro\/index.php?rest_route=\/wp\/v2\/posts\/195"}],"collection":[{"href":"https:\/\/inmemoriam-milecarpenisan.ro\/index.php?rest_route=\/wp\/v2\/posts"}],"about":[{"href":"https:\/\/inmemoriam-milecarpenisan.ro\/index.php?rest_route=\/wp\/v2\/types\/post"}],"author":[{"embeddable":true,"href":"https:\/\/inmemoriam-milecarpenisan.ro\/index.php?rest_route=\/wp\/v2\/users\/1"}],"replies":[{"embeddable":true,"href":"https:\/\/inmemoriam-milecarpenisan.ro\/index.php?rest_route=%2Fwp%2Fv2%2Fcomments&post=195"}],"version-history":[{"count":2,"href":"https:\/\/inmemoriam-milecarpenisan.ro\/index.php?rest_route=\/wp\/v2\/posts\/195\/revisions"}],"predecessor-version":[{"id":199,"href":"https:\/\/inmemoriam-milecarpenisan.ro\/index.php?rest_route=\/wp\/v2\/posts\/195\/revisions\/199"}],"wp:attachment":[{"href":"https:\/\/inmemoriam-milecarpenisan.ro\/index.php?rest_route=%2Fwp%2Fv2%2Fmedia&parent=195"}],"wp:term":[{"taxonomy":"category","embeddable":true,"href":"https:\/\/inmemoriam-milecarpenisan.ro\/index.php?rest_route=%2Fwp%2Fv2%2Fcategories&post=195"},{"taxonomy":"post_tag","embeddable":true,"href":"https:\/\/inmemoriam-milecarpenisan.ro\/index.php?rest_route=%2Fwp%2Fv2%2Ftags&post=195"}],"curies":[{"name":"wp","href":"https:\/\/api.w.org\/{rel}","templated":true}]}}