{"id":183,"date":"2018-05-03T15:00:57","date_gmt":"2018-05-03T15:00:57","guid":{"rendered":"http:\/\/inmemoriam-milecarpenisan.ro\/?p=183"},"modified":"2018-05-05T22:15:57","modified_gmt":"2018-05-05T22:15:57","slug":"madalin-necsutu-de-la-evz-de-moldova-primeste-premiul-mile-carpenisan-pentru-curaj-si-excelenta-in-jurnalism-de-ziua-libertatii-presei-3-mai-2018","status":"publish","type":"post","link":"https:\/\/inmemoriam-milecarpenisan.ro\/?p=183","title":{"rendered":"M\u0103d\u0103lin Nec\u0219u\u021bu de la EVZ de Moldova primeste Premiul \u201cMile C\u0103rpeni\u015fan\u201d pentru Curaj \u015fi Excelen\u0163\u0103 \u00een Jurnalism, de Ziua Libertatii Presei, 3 Mai 2018"},"content":{"rendered":"<p><strong><a href=\"http:\/\/inmemoriam-milecarpenisan.ro\/wp-content\/uploads\/2018\/05\/Diploma-Mile-Carpenisan-Madalin-Necsutu.jpg\"><img loading=\"lazy\" class=\"aligncenter size-large wp-image-184\" src=\"http:\/\/inmemoriam-milecarpenisan.ro\/wp-content\/uploads\/2018\/05\/Diploma-Mile-Carpenisan-Madalin-Necsutu-1024x719.jpg\" alt=\"Diploma Mile Carpenisan Madalin Necsutu\" width=\"1024\" height=\"719\" srcset=\"https:\/\/inmemoriam-milecarpenisan.ro\/wp-content\/uploads\/2018\/05\/Diploma-Mile-Carpenisan-Madalin-Necsutu-1024x719.jpg 1024w, https:\/\/inmemoriam-milecarpenisan.ro\/wp-content\/uploads\/2018\/05\/Diploma-Mile-Carpenisan-Madalin-Necsutu-300x211.jpg 300w, https:\/\/inmemoriam-milecarpenisan.ro\/wp-content\/uploads\/2018\/05\/Diploma-Mile-Carpenisan-Madalin-Necsutu.jpg 1298w\" sizes=\"(max-width: 1024px) 100vw, 1024px\" \/><\/a><\/strong><\/p>\n<p><strong>Asocia\u0163ia Civic Media<\/strong> acord\u0103 <strong>Premiul \u201cMile C\u0103rpeni\u015fan\u201d pentru Curaj \u015fi Excelen\u0163\u0103 \u00een Jurnalism<\/strong> la fiecare 3 Mai, pentru a marca <strong>Ziua Libert\u0103\u021bii Presei<\/strong> \u015fi a sus\u0163ine <span class=\"gmail-text_exposed_show\">jurnali\u0219tii cu adev\u0103rat independen\u0163i din Rom\u00e2nia \u015fi spa\u0163iul istoric \u015fi cultural rom\u00e2nesc. Anii trecu\u0163i am <\/span>omagiat activitatea prodigioas\u0103 a unor ziaristi pu\u0219i \u00een slujba adev\u0103rului \u015fi a valorilor na\u021bionale at\u00e2t \u00een vestul \u021b\u0103rii c\u00e2t \u0219i \u00een r\u0103saritul rom\u00e2nesc, \u00een Basarabia \u0219i Bucovina. Anul acesta, la aniversarea a 100 de ani de la consfin\u021birea Rom\u00e2niei Mari, ne \u00eentoarcem la cea care a dat primul glas pentru Marea Unire, Basarabia rom\u00e2n\u0103.<\/p>\n<p>Jurnalistul de politic\u0103 interna\u021bional\u0103 M\u0103d\u0103lin Nec\u0219u\u021bu <em>(foto mai jos)<\/em>, coordonator al edi\u021biei online a Evenimentului Zilei de Moldova (<a href=\"http:\/\/evzmd.md\/component\/k2\/author\/68-m%C4%83d%C4%83lin-nec%C5%9Fu%C5%A3u.html\">evzmd.md<\/a>) \u0219i vicepre\u015fedinte al Asocia\u0163iei Interna\u0163ionale a Jurnali\u015ftilor Rom\u00e2ni (AIJR), format \u00een departamentul de politic\u0103 extern\u0103 na\u021bional\u0103 al ziarului ZIUA, prime\u0219te anul acesta, la aniversarea Centenarului Rom\u00e2niei Mari, Premiul Mile C\u0103rpeni\u0219an pentru curaj \u0219i excelen\u021b\u0103 \u00een jurnalism. M\u0103d\u0103lin Nec\u0219u\u021bu, corespondent de Basarabia a numeroase publica\u021bii din \u021bar\u0103 \u0219i str\u0103in\u0103tate, s-a remarcat \u00een activitatea sa pentru profesionlismul abord\u0103rii provoc\u0103rilor spa\u021biului istmului ponto-baltic. Dincolo de editorialele \u0219i analizele sale, publicate \u00een EVZ sau \u00een Kiev Post \u0219i Balkan Insight, <a href=\"http:\/\/madalinecsutu.blogspot.ro\/\">M\u0103d\u0103lin Nec\u0219u\u021bu<\/a>, absolvent al Facult\u0103\u021bii de Istorie a Universit\u0103\u021bii Bucure\u0219ti, cu master \u00een Rela\u021bii Interna\u021bionale \u0219i studii post-universitare \u00een domeniul diploma\u021biei, a relatat adeseori despre drama rom\u00e2nilor de sub ocupa\u021bia sovietic\u0103, prin <a href=\"http:\/\/basarabia-bucovina.info\/2011\/11\/26\/masacrul-de-la-fantana-alba-marturii-si-fotografii\/\">reportaje mi\u0219c\u0103toare de la locul masacrului de la F\u00e2nt\u00e2na Alb\u0103<\/a> sau prezent\u00e2nd materiale de istorie privind, de exemplu, eliminarea de c\u0103tre bol\u0219evici a marilor no\u0219tri \u00eenainta\u0219i, lupt\u0103tori ai adev\u0103rului prin cuv\u00e2nt, <a href=\"http:\/\/www.ziaristionline.ro\/2012\/12\/27\/nichifor-crainic-pamfil-seicaru-radu-gyr-condamnati-la-moarte-si-inchisoare-de-sotia-lui-brucan-acuzatorul-public-sidorovici-documente\/\">condamna\u021bi la moarte \u00een &#8220;Lotul Ziaristilor&#8221;<\/a>. Pentru acestea \u0219i pentru multe altele, suntem bucuro\u0219i s\u0103-i oferim Premiul \u00eenfiin\u021bat de Asocia\u021bia Civic Media pentru a onora memoria curajosului nostru coleg Mile C\u0103rpeni\u0219an, plecat prea devreme dintre noi.<\/p>\n<p>\u00cencep\u00e2nd din 2010, Civic Media a premiat de 3 Mai \u2013 Ziua Libert\u0103\u0163ii Presei \u2013 jurnalismul de front, prin Dan Ni\u0163escu, fostul operator \u015fi prieten al lui Mile C\u0103rpeni\u015fan, re\u0163inut abuziv de autorit\u0103\u0163ile de la Chi\u015fin\u0103u \u00een timpul evenimentelor din 7 aprilie 2009, pe ziaristrul free-lancer Cristian Botez, un veteran al majorit\u0103\u0163ii r\u0103zboaielor de pe glob din ultimele dou\u0103 decenii \u015fi jum\u0103tate, c\u00e2t \u015fi pe jurnalistul or\u0103dean Florin Budea, care s-a luptat pentru adev\u0103r \u00een instan\u0163\u0103 cu vicepre\u015fedintele Parlamentului European Laszlo Tokes, apoi pe redutabilul analist de politic\u0103 interna\u0163ional\u0103 \u2013 \u015fi nu numai \u2013 Corneliu Vlad, din vechea \u015fcoal\u0103 rom\u00e2neasc\u0103 de politic\u0103 extern\u0103 na\u0163ional\u0103, urmat de Dan Tanas\u0103, energicul blogger \u015fi ap\u0103r\u0103tor al drepturilor rom\u00e2nilor din Harghita \u015fi Covasna, pentru ca apoi s\u0103-l recompens\u0103m pentru \u00eentreaga sa activitate nepre\u0163uit\u0103 pe cercet\u0103torul bucovinean Vasile Ilica, veteran de r\u0103zboi \u015fi \u201cpersona non grata\u201d \u00een Ucraina, acum plecat dintre noi f\u0103r\u0103 a-\u015fi fi mai v\u0103zut plaiurile natale, urmat de istoricul \u015fi jurnalistul basarabean Alexandru Moraru pentru ca apoi s\u0103 recompens\u0103m onorific plurivalen\u0163a \u015fi profesionalismul a doi jurnali\u015fti extraordinari,\u00a0so\u0163ii Simona Laz\u0103r \u015fi Valentin \u0162ig\u0103u, ziari\u015fti de marc\u0103 ai Radio Rom\u00e2nia, <a href=\"http:\/\/www.ziaristionline.ro\/2011\/07\/18\/civic-media-catre-traian-basescu-protest-fata-de-incalcarea-de-catre-ucraina-a-drepturilor-fundamentale-ale-omului-si-a-libertatii-presei-in-cazul-hagi-curda\/\">interzi\u015fi \u00een Ucraina pentru reportajele lor despre rom\u00e2nii din sudul Basarabiei<\/a>, anul trecut<span class=\"gmail-text_exposed_show\"> \u00eentoarc\u00e2ndu-ne la celalalt obraz p\u0103lmuit al Rom\u00e2niei,<\/span> Premiul \u201cMile C\u0103rpeni\u015fan\u201d 2017 fiind oferit Publica\u0163iei Buletin de Carei \u015fi Doamnei Daniela Ciut\u0103, pentru \u00eentreaga sa activitate neobosit\u0103 ca ziarist\u0103 \u0219i Pre\u015fedinte al <a href=\"http:\/\/www.buletindecarei.ro\/2016\/08\/protest-al-asociatiei-fostilor-refugiati-stramutati-si-expulzati-din-ardealul-de-nord-filiala-carei.html\">Desp\u0103r\u0163\u0103m\u00e2ntului ASTRA Carei<\/a> \u015fi <a href=\"http:\/\/www.buletindecarei.ro\/2016\/08\/protest-al-asociatiei-fostilor-refugiati-stramutati-si-expulzati-din-ardealul-de-nord-filiala-carei.html\">filialei Carei a Asocia\u0163iei Fo\u015ftilor Refugia\u0163i<\/a>, Str\u0103muta\u0163i \u015fi Expulza\u0163i din Ardealul de Nord \u00een urma Dictatului de la Viena din 1940.<\/p>\n<p>\u00cen memoria lui Mile C\u0103rpeni\u015fan reamintim una din ultimele sale dorin\u0163e, l\u0103sate \u00een eter:<em> \u201cV\u0103 provoc s\u0103 fi\u0163i oameni! \u00cen fiecare zi, v\u0103 provoc s\u0103 face\u0163i c\u00e2te o fapt\u0103 bun\u0103\u201d<\/em>. S\u0103 nu uit\u0103m nicic\u00e2nd aceast\u0103 \u201cprovocare\u201d. Doamne, ajut\u0103!<\/p>\n<p><strong><a href=\"http:\/\/inmemoriam-milecarpenisan.ro\/www.civicmedia.ro\">Asocia\u0163ia Civic Media<\/a><\/strong><\/p>\n<p><strong>Corneliu Vlad<\/strong><\/p>\n<p><strong>Victor Roncea<\/strong><\/p>\n<p><strong><a href=\"http:\/\/inmemoriam-milecarpenisan.ro\/?p=183\">In Memoriam Mile C\u0103rpeni\u015fan Ro<\/a><\/strong><\/p>\n<div id=\"attachment_185\" style=\"width: 1034px\" class=\"wp-caption aligncenter\"><a href=\"http:\/\/inmemoriam-milecarpenisan.ro\/wp-content\/uploads\/2018\/05\/Madalin-Necsutu.jpg\"><img aria-describedby=\"caption-attachment-185\" loading=\"lazy\" class=\"wp-image-185 size-large\" src=\"http:\/\/inmemoriam-milecarpenisan.ro\/wp-content\/uploads\/2018\/05\/Madalin-Necsutu-1024x683.jpg\" alt=\"Madalin Necsutu\" width=\"1024\" height=\"683\" srcset=\"https:\/\/inmemoriam-milecarpenisan.ro\/wp-content\/uploads\/2018\/05\/Madalin-Necsutu-1024x683.jpg 1024w, https:\/\/inmemoriam-milecarpenisan.ro\/wp-content\/uploads\/2018\/05\/Madalin-Necsutu-300x200.jpg 300w, https:\/\/inmemoriam-milecarpenisan.ro\/wp-content\/uploads\/2018\/05\/Madalin-Necsutu.jpg 1296w\" sizes=\"(max-width: 1024px) 100vw, 1024px\" \/><\/a><p id=\"caption-attachment-185\" class=\"wp-caption-text\">Madalin Necsutu<\/p><\/div>\n<p>Mul\u021bumim: <a href=\"http:\/\/evz.ro\/madalin-necsutu-premiu-mile-carpenisan.html\">Evenimentul Zilei<\/a>, <a href=\"http:\/\/www.ziaristionline.ro\/2018\/05\/04\/madalin-necsutu-de-la-evz-de-moldova-primeste-premiul-mile-carpenisan-pentru-curaj-si-excelenta-in-jurnalism-de-ziua-libertatii-presei-3-mai-2018\/\">Ziaristi Online<\/a>, <a href=\"http:\/\/www.cvlpress.ro\/04.05.2018\/jurnalistul-madalin-necsutu-primeste-premiul-mile-carpenisan-pentru-curaj-si-excelenta-in-jurnalism\/\">Cuv\u00e2ntul Libert\u0103\u021bii<\/a>, <a href=\"https:\/\/www.activenews.ro\/stiri-mass-media\/Jurnalistul-Madalin-Necsutu-castigatorul-premiului-%E2%80%9EMile-Carpenisan-pentru-Curaj-si-Excelenta-in-Jurnalism-oferit-de-Civic-Media-150664\">Active News<\/a>, <a href=\"https:\/\/www.ziarelive.ro\/stiri\/madalin-necsutu-primeste-premiul-mile-carpenisan-pentru-curaj-si-excelenta-in-jurnalism.html\">Ziare Live<\/a>, <a href=\"http:\/\/monitorulapararii.ro\/madalin-necsutu-primeste-premiul-mile-carpenisan-pentru-curaj-si-excelenta-in-jurnalism-0-80801\">Monitorul Apararii<\/a>, <a href=\"http:\/\/www.revistapresei.eu\/stire\/madalin-necsutu-primeste-premiul-mile-carpenisan-pentru-curaj-si-excelenta-in-jurnalism.html\">Revista Presei.eu<\/a><\/p>\n","protected":false},"excerpt":{"rendered":"<p>Asocia\u0163ia Civic Media acord\u0103 Premiul \u201cMile C\u0103rpeni\u015fan\u201d pentru Curaj \u015fi Excelen\u0163\u0103 \u00een Jurnalism la fiecare 3 Mai, pentru a marca Ziua Libert\u0103\u021bii Presei \u015fi a sus\u0163ine jurnali\u0219tii cu adev\u0103rat independen\u0163i din Rom\u00e2nia \u015fi spa\u0163iul istoric \u015fi cultural rom\u00e2nesc. Anii trecu\u0163i am omagiat activitatea prodigioas\u0103 a unor ziaristi pu\u0219i \u00een slujba adev\u0103rului \u015fi a valorilor na\u021bionale [&hellip;]<\/p>\n","protected":false},"author":1,"featured_media":0,"comment_status":"open","ping_status":"open","sticky":false,"template":"","format":"standard","meta":[],"categories":[5,4,1],"tags":[14,16,67,66,64,3,68,36,65],"_links":{"self":[{"href":"https:\/\/inmemoriam-milecarpenisan.ro\/index.php?rest_route=\/wp\/v2\/posts\/183"}],"collection":[{"href":"https:\/\/inmemoriam-milecarpenisan.ro\/index.php?rest_route=\/wp\/v2\/posts"}],"about":[{"href":"https:\/\/inmemoriam-milecarpenisan.ro\/index.php?rest_route=\/wp\/v2\/types\/post"}],"author":[{"embeddable":true,"href":"https:\/\/inmemoriam-milecarpenisan.ro\/index.php?rest_route=\/wp\/v2\/users\/1"}],"replies":[{"embeddable":true,"href":"https:\/\/inmemoriam-milecarpenisan.ro\/index.php?rest_route=%2Fwp%2Fv2%2Fcomments&post=183"}],"version-history":[{"count":5,"href":"https:\/\/inmemoriam-milecarpenisan.ro\/index.php?rest_route=\/wp\/v2\/posts\/183\/revisions"}],"predecessor-version":[{"id":190,"href":"https:\/\/inmemoriam-milecarpenisan.ro\/index.php?rest_route=\/wp\/v2\/posts\/183\/revisions\/190"}],"wp:attachment":[{"href":"https:\/\/inmemoriam-milecarpenisan.ro\/index.php?rest_route=%2Fwp%2Fv2%2Fmedia&parent=183"}],"wp:term":[{"taxonomy":"category","embeddable":true,"href":"https:\/\/inmemoriam-milecarpenisan.ro\/index.php?rest_route=%2Fwp%2Fv2%2Fcategories&post=183"},{"taxonomy":"post_tag","embeddable":true,"href":"https:\/\/inmemoriam-milecarpenisan.ro\/index.php?rest_route=%2Fwp%2Fv2%2Ftags&post=183"}],"curies":[{"name":"wp","href":"https:\/\/api.w.org\/{rel}","templated":true}]}}