{"id":141,"date":"2015-05-03T11:14:38","date_gmt":"2015-05-03T11:14:38","guid":{"rendered":"http:\/\/inmemoriam-milecarpenisan.ro\/?p=141"},"modified":"2015-05-06T06:19:50","modified_gmt":"2015-05-06T06:19:50","slug":"istoricul-arhivistul-si-ziaristul-basarabean-alexandru-moraru-primeste-premiul-mile-carpenisan-pentru-curaj-si-excelenta-in-jurnalism-2015","status":"publish","type":"post","link":"https:\/\/inmemoriam-milecarpenisan.ro\/?p=141","title":{"rendered":"Istoricul, arhivistul \u015fi ziaristul basarabean Alexandru Moraru prime\u015fte Premiul \u201cMile C\u0103rpeni\u015fan\u201d pentru Curaj \u015fi Excelen\u0163\u0103 \u00een Jurnalism 2015"},"content":{"rendered":"<p><strong><a href=\"http:\/\/inmemoriam-milecarpenisan.ro\/wp-content\/uploads\/2015\/05\/Premiul-Mile-Carpenisan-Civic-Media-2015-Alexandru-Moraru-Basarabia.jpg\"><img loading=\"lazy\" class=\"aligncenter  wp-image-142\" src=\"http:\/\/inmemoriam-milecarpenisan.ro\/wp-content\/uploads\/2015\/05\/Premiul-Mile-Carpenisan-Civic-Media-2015-Alexandru-Moraru-Basarabia.jpg\" alt=\"Premiul Mile Carpenisan Civic Media 2015 Alexandru Moraru Basarabia\" width=\"690\" height=\"484\" srcset=\"https:\/\/inmemoriam-milecarpenisan.ro\/wp-content\/uploads\/2015\/05\/Premiul-Mile-Carpenisan-Civic-Media-2015-Alexandru-Moraru-Basarabia.jpg 900w, https:\/\/inmemoriam-milecarpenisan.ro\/wp-content\/uploads\/2015\/05\/Premiul-Mile-Carpenisan-Civic-Media-2015-Alexandru-Moraru-Basarabia-300x210.jpg 300w\" sizes=\"(max-width: 690px) 100vw, 690px\" \/><\/a>Premiul \u201cMile C\u0103rpeni\u015fan\u201d pentru Curaj \u015fi Excelen\u0163\u0103 \u00een Jurnalism merge \u00een Basarabia<\/strong><\/p>\n<p>Asocia\u0163ia Civic Media, organiza\u0163ie neguvernamental\u0103 cu 15 ani de activitate civic\u0103, a acordat de Ziua Libert\u0103\u0163ii Presei, pentru a \u015fasea oar\u0103 consecutiv, Premiul \u201cMile C\u0103rpeni\u015fan\u201d pentru Curaj \u015fi Excelen\u0163\u0103 \u00een Jurnalism, distinc\u0163ie fondat\u0103 In Memoriam colegul nostru de pres\u0103, jurnalistul de r\u0103zboi Mile C\u0103rpeni\u015fan, plecat prea repede dintre noi.<\/p>\n<p>Anul acesta, \u00een colaborare cu portalul Basarabia-Bucovina.Info, Premiul \u201cMile C\u0103rpeni\u015f\u0103n\u201d merge \u00een Basarabia, fiind acordat istoricului, arhivistului, jurnalistului \u015fi, nu \u00een ultimul r\u00e2nd, bloggerului Alexandru Moraru, cunoscut cercet\u0103tor pe t\u0103r\u00e2mul informa\u0163iilor cu totul inedite de la Chi\u015fin\u0103u.<\/p>\n<p>Dac\u0103 anii trecu\u0163i am remarcat, premiind de 3 Mai \u2013 Ziua Libert\u0103\u0163ii Presei \u2013 \u00a0jurnalismul de front, prin Dan Ni\u0163escu, fostul operator \u015fi prieten al lui Mile C\u0103rpeni\u015fan, re\u0163inut abuziv de autorit\u0103\u0163ile de la Chi\u015fin\u0103u \u00een timpul evenimentelor din 7 aprilie 2009, sau pe Cristian Botez, un veteran al majorit\u0103\u0163ii r\u0103zboaielor de pe glob din ultimele dou\u0103 decenii \u015fi jum\u0103tate, c\u00e2t \u015fi pe jurnalistul or\u0103dean Florin Budea, care s-a luptat pentru adev\u0103r \u00een instan\u0163\u0103 cu vicepre\u015fedintele Parlamentului European Laszlo Tokes, apoi pe redutabilul analist de politic\u0103 interna\u0163ional\u0103 \u2013 \u015fi nu numai \u2013 Corneliu Vlad, din vechea \u015fcoal\u0103 rom\u00e2neasc\u0103 de politic\u0103 extern\u0103 na\u0163ional\u0103, urmat de Dan Tanas\u0103, energicul blogger \u015fi ap\u0103r\u0103tor al drepturilor rom\u00e2nilor din Harghita \u015fi Covasna, pentru ca anul trecut s\u0103-l recompens\u0103m pentru \u00eentreaga sa activitate nepre\u0163uit\u0103 pe cercet\u0103torul bucovinean Vasile Ilica, veteran de r\u0103zboi \u015fi \u201cpersona non grata\u201d \u00een Ucraina, ast\u0103zi a (re)venit r\u00e2ndul Basarabiei.<\/p>\n<p><a href=\"http:\/\/inmemoriam-milecarpenisan.ro\/wp-content\/uploads\/2015\/05\/Alexandru-Moraru-si-sotia-sa-Maria-Botnaru.jpg\"><img loading=\"lazy\" class=\"aligncenter size-full wp-image-144\" src=\"http:\/\/inmemoriam-milecarpenisan.ro\/wp-content\/uploads\/2015\/05\/Alexandru-Moraru-si-sotia-sa-Maria-Botnaru.jpg\" alt=\"Alexandru Moraru si sotia sa Maria Botnaru\" width=\"600\" height=\"450\" srcset=\"https:\/\/inmemoriam-milecarpenisan.ro\/wp-content\/uploads\/2015\/05\/Alexandru-Moraru-si-sotia-sa-Maria-Botnaru.jpg 600w, https:\/\/inmemoriam-milecarpenisan.ro\/wp-content\/uploads\/2015\/05\/Alexandru-Moraru-si-sotia-sa-Maria-Botnaru-300x225.jpg 300w\" sizes=\"(max-width: 600px) 100vw, 600px\" \/><\/a><\/p>\n<p>Laureatul Civic Media de anul acesta, Alexandru Moraru, reputat arhivist \u015fi istoric basarabean dar \u015fi jurnalist vivace, membru al Uniunii Ziari\u015ftilor Profesioni\u015fti din Rom\u00e2nia \u015fi collaborator al portalului Ziaristi Online, se desf\u0103\u015foar\u0103 simultan, \u00een numele adev\u0103rului, pe o multitudine de bloguri, cum ar fi: <a href=\"https:\/\/mazarini.wordpress.com\/\">Secretele Istoriei<\/a>, <a href=\"http:\/\/ro.morarita.wordpress.com\/\">Cronicarul \u00cen\u0163elept<\/a>, <a href=\"https:\/\/istoriemilitarasicultura.wordpress.com\/2015\/02\/08\/militari-din-basarabia-11\/\">Blog de Istorie Militar\u0103<\/a>, <a href=\"http:\/\/ro.istoricimarisimici.wordpress.com\/\">Istorici Mari \u015fi mici<\/a>, <a href=\"http:\/\/ro.pagumar.wordpress.com\/\">Necenzurat<\/a>, <a href=\"http:\/\/ro.arhivus.wordpress.com\/\">Arhivus<\/a>. Dar \u015fi \u00een reviste de profil, ca Magazin Istoric \u015fi\u00a0Historia, printre altele.<\/p>\n<p>Autor al mai multor lucr\u0103ri de specialitate, dintre care amintim \u201cRacov\u0103\u0163 de sub Cetatea Sorocii\u201d \u015fi\u00a0Mare\u015falul Ion Antonescu \u015fi Basarabia 1941-1944\u201d (coautor), \u201eBasarabia antisovietica\u201d, \u201eVictimele terorii comuniste 1944-1954\u201d (Premiul \u201cDocument\u201d al Bibliotecii Na\u0163ionale a Moldovei \u015fi Biroului de Informare al Consiliului Europei de la Chi\u015fin\u0103u), \u201eBasarabia: Scrisori c\u0103tre Mare\u015fal. Documente inedite\u201d,\u00a0\u015f.a., Alexandru Moraru provine dintr-o familie\u00a0de intelectuali rom\u00e2ni deporta\u0163i de organele sovietice \u00een 1941.<\/p>\n<p>Absolvent al Facult\u0103\u0163ii de Istorie a Universit\u0103\u0163ii de Stat din Moldova, Alexandru Moraru,\u00a0a fost profesor de istorie \u015fi \u015ftiin\u0163e sociale, director al Muzeului Raional de Istorie \u015fi Etnografie din Criuleni, colaborator \u015ftiin\u0163ific superior \u00een sec\u0163ia Valorificare \u015fi publicare a documentelor, apoi \u015fef sec\u0163ie Completare, arhive departamentale \u015fi lucr\u0103ri de secretariat la Arhiva Na\u0163ional\u0103 a Republicii Moldova \u015fi \u015eef sec\u0163ie Valorificare a Documentelor la Arhiva Organiza\u0163iilor Social-Politice a Republicii Moldova, apoi colaborator \u015ftiin\u0163ific (sec\u0163ia \u015etiin\u0163\u0103) la Centrul de Cultur\u0103 \u015fi Istorie Militar\u0103 a Moldovei.<\/p>\n<p>\u00cei mul\u0163umim pentru munca sa neobosit\u0103\u00a0\u00een slujba\u00a0adev\u0103rul istoric\u00a0despre Basarabia \u015fi \u00eel felicit\u0103m din toat\u0103 inima!<\/p>\n<p><a href=\"http:\/\/civicmedia.ro\">Asocia\u0163ia\u00a0Civic Media<\/a><\/p>\n<p><a href=\"http:\/\/basarabia-bucovina.info\/2015\/05\/05\/premiul-mile-carpenisan-pentru-curaj-si-excelenta-in-jurnalism-merge-in-basarabia-la-istoricul-arhivistul-si-ziaristul-temerar-alexandru-moraru\/\">Basarabia-Bucovina.Info<\/a><\/p>\n<p><a href=\"http:\/\/inmemoriam-milecarpenisan.ro\/?p=141\"><strong>InMemoriam-MileCarpenisan.ro<\/strong><\/a><\/p>\n<p><em>In 2010, la 40 de zile de la trecerea la cele vesnice a jurnalistului de front Mile Carpenisan, un grup de initiativa format din ziaristi si prieteni ai sai a luat hotararea sa ii omagieze trecerea pe acest pamant prin instituirea unui Premiu anual pentru Curaj si Excelenta in Jurnalism, care sa poarte numele celui care ramane un reper al jurnalismului de front \u2013 indiferent ca acesta este deschis in fosta Iugoslavie, Irak sau Romania.<\/em><\/p>\n<p><a href=\"http:\/\/inmemoriam-milecarpenisan.ro\/wp-content\/uploads\/2015\/05\/Alexandru-Moraru-Sovietizarea-Magazin-Istoric.jpg\"><img loading=\"lazy\" class=\"aligncenter  wp-image-143\" src=\"http:\/\/inmemoriam-milecarpenisan.ro\/wp-content\/uploads\/2015\/05\/Alexandru-Moraru-Sovietizarea-Magazin-Istoric.jpg\" alt=\"Alexandru Moraru - Sovietizarea - Magazin Istoric\" width=\"702\" height=\"481\" srcset=\"https:\/\/inmemoriam-milecarpenisan.ro\/wp-content\/uploads\/2015\/05\/Alexandru-Moraru-Sovietizarea-Magazin-Istoric.jpg 960w, https:\/\/inmemoriam-milecarpenisan.ro\/wp-content\/uploads\/2015\/05\/Alexandru-Moraru-Sovietizarea-Magazin-Istoric-300x205.jpg 300w\" sizes=\"(max-width: 702px) 100vw, 702px\" \/><\/a>Mul\u0163umiri: <a href=\"http:\/\/ampress.ro\/stiri\/premiul-mile-carpenisan-de-ziua-libertatii-presei-merge-in-basarabia\/\">A.M. Press<\/a>,\u00a0<a href=\"http:\/\/uzp.org.ro\/premiul-mile-carpenisan-de-ziua-libertatii-presei\/\">Uniunea Ziari\u015ftilor Profesioni\u015fti din Rom\u00e2nia<\/a>, <a href=\"http:\/\/www.rador.ro\/2015\/05\/05\/premiul-mile-carpenisan-pentru-curaj-si-excelenta-in-jurnalism-merge-in-basarabia\/\">RADOR<\/a>, <a href=\"http:\/\/www.ziuanews.ro\/revista-presei\/premiul-mile-carpeni-an-de-ziua-liberta-ii-presei-merge-in-basarabia-210018\">Ziua News<\/a>,\u00a0<a href=\"http:\/\/www.curentul.info\/social\/10575-premiul-mile-carpenisan-pentru-curaj-si-excelenta-in-jurnalism-merge-in-basarabia\">Curentul<\/a>, <a href=\"http:\/\/www.ziaristionline.ro\/2015\/05\/05\/asociatia-civic-media-premiul-mile-carpenisan-2015-pentru-istoricul-arhivistul-si-jurnalistul-basarabean-alexandru-moraru-comunicat-de-ziua-libertatii-presei\/\">Ziaristi Online<\/a><\/p>\n","protected":false},"excerpt":{"rendered":"<p>Premiul \u201cMile C\u0103rpeni\u015fan\u201d pentru Curaj \u015fi Excelen\u0163\u0103 \u00een Jurnalism merge \u00een Basarabia Asocia\u0163ia Civic Media, organiza\u0163ie neguvernamental\u0103 cu 15 ani de activitate civic\u0103, a acordat de Ziua Libert\u0103\u0163ii Presei, pentru a \u015fasea oar\u0103 consecutiv, Premiul \u201cMile C\u0103rpeni\u015fan\u201d pentru Curaj \u015fi Excelen\u0163\u0103 \u00een Jurnalism, distinc\u0163ie fondat\u0103 In Memoriam colegul nostru de pres\u0103, jurnalistul de r\u0103zboi Mile [&hellip;]<\/p>\n","protected":false},"author":1,"featured_media":0,"comment_status":"open","ping_status":"open","sticky":false,"template":"","format":"standard","meta":[],"categories":[5],"tags":[53,54,40,14,41,16,3,12,52,36,55,57,56,34],"_links":{"self":[{"href":"https:\/\/inmemoriam-milecarpenisan.ro\/index.php?rest_route=\/wp\/v2\/posts\/141"}],"collection":[{"href":"https:\/\/inmemoriam-milecarpenisan.ro\/index.php?rest_route=\/wp\/v2\/posts"}],"about":[{"href":"https:\/\/inmemoriam-milecarpenisan.ro\/index.php?rest_route=\/wp\/v2\/types\/post"}],"author":[{"embeddable":true,"href":"https:\/\/inmemoriam-milecarpenisan.ro\/index.php?rest_route=\/wp\/v2\/users\/1"}],"replies":[{"embeddable":true,"href":"https:\/\/inmemoriam-milecarpenisan.ro\/index.php?rest_route=%2Fwp%2Fv2%2Fcomments&post=141"}],"version-history":[{"count":7,"href":"https:\/\/inmemoriam-milecarpenisan.ro\/index.php?rest_route=\/wp\/v2\/posts\/141\/revisions"}],"predecessor-version":[{"id":152,"href":"https:\/\/inmemoriam-milecarpenisan.ro\/index.php?rest_route=\/wp\/v2\/posts\/141\/revisions\/152"}],"wp:attachment":[{"href":"https:\/\/inmemoriam-milecarpenisan.ro\/index.php?rest_route=%2Fwp%2Fv2%2Fmedia&parent=141"}],"wp:term":[{"taxonomy":"category","embeddable":true,"href":"https:\/\/inmemoriam-milecarpenisan.ro\/index.php?rest_route=%2Fwp%2Fv2%2Fcategories&post=141"},{"taxonomy":"post_tag","embeddable":true,"href":"https:\/\/inmemoriam-milecarpenisan.ro\/index.php?rest_route=%2Fwp%2Fv2%2Ftags&post=141"}],"curies":[{"name":"wp","href":"https:\/\/api.w.org\/{rel}","templated":true}]}}