{"id":132,"date":"2014-05-03T22:00:42","date_gmt":"2014-05-03T22:00:42","guid":{"rendered":"http:\/\/inmemoriam-milecarpenisan.ro\/?p=132"},"modified":"2015-05-05T11:30:09","modified_gmt":"2015-05-05T11:30:09","slug":"premiul-mile-carpenisan-pentru-curaj-si-excelenta-in-jurnalism-2014-acordat-de-civic-media-publicistului-vasile-ilica-persona-non-grata-in-ucraina","status":"publish","type":"post","link":"https:\/\/inmemoriam-milecarpenisan.ro\/?p=132","title":{"rendered":"Premiul &#8220;Mile Carpenisan&#8221; pentru Curaj si Excelenta in Jurnalism 2014 acordat de Civic Media publicistului Vasile Ilica, &#8220;persona non grata&#8221; in Ucraina. FOTO\/VIDEO\/INTERVIU"},"content":{"rendered":"<p><a href=\"http:\/\/inmemoriam-milecarpenisan.ro\/wp-content\/uploads\/2014\/05\/Diploma-Mile-Carpenisan-Civic-Media-Dl-Vasile-Ilica-Veteran-de-Razboi-Interzis-in-Ucraina-2014-Romania-Mare-Basarabia-Bucovina.Info_.jpg\"><img loading=\"lazy\" class=\"aligncenter size-large wp-image-133\" alt=\"Diploma Mile Carpenisan - Civic Media - Dl Vasile Ilica - Veteran de Razboi Interzis in Ucraina 2014 Romania Mare - Basarabia-Bucovina.Info\" src=\"http:\/\/inmemoriam-milecarpenisan.ro\/wp-content\/uploads\/2014\/05\/Diploma-Mile-Carpenisan-Civic-Media-Dl-Vasile-Ilica-Veteran-de-Razboi-Interzis-in-Ucraina-2014-Romania-Mare-Basarabia-Bucovina.Info_-1024x719.jpg\" width=\"1024\" height=\"719\" srcset=\"https:\/\/inmemoriam-milecarpenisan.ro\/wp-content\/uploads\/2014\/05\/Diploma-Mile-Carpenisan-Civic-Media-Dl-Vasile-Ilica-Veteran-de-Razboi-Interzis-in-Ucraina-2014-Romania-Mare-Basarabia-Bucovina.Info_-1024x719.jpg 1024w, https:\/\/inmemoriam-milecarpenisan.ro\/wp-content\/uploads\/2014\/05\/Diploma-Mile-Carpenisan-Civic-Media-Dl-Vasile-Ilica-Veteran-de-Razboi-Interzis-in-Ucraina-2014-Romania-Mare-Basarabia-Bucovina.Info_-300x210.jpg 300w, https:\/\/inmemoriam-milecarpenisan.ro\/wp-content\/uploads\/2014\/05\/Diploma-Mile-Carpenisan-Civic-Media-Dl-Vasile-Ilica-Veteran-de-Razboi-Interzis-in-Ucraina-2014-Romania-Mare-Basarabia-Bucovina.Info_.jpg 1298w\" sizes=\"(max-width: 1024px) 100vw, 1024px\" \/><\/a><\/p>\n<p style=\"text-align: left;\"><a href=\"http:\/\/basarabia-bucovina.info\/wp-content\/uploads\/2014\/05\/Dl-Vasile-Ilica-Basarabia-Bucovina.Info_.jpg\"><img loading=\"lazy\" class=\"alignright  wp-image-2607\" alt=\"Dl Vasile Ilica - Basarabia-Bucovina.Info\" src=\"http:\/\/basarabia-bucovina.info\/wp-content\/uploads\/2014\/05\/Dl-Vasile-Ilica-Basarabia-Bucovina.Info_.jpg\" width=\"311\" height=\"465\" \/><\/a><strong>Veteran de razboi, publicist, scriitor, cercetator asupra masacrelor antiromanesti din nordul Bucovinei si chiar martor direct al evenimentelor ce au culminat cu masacrul de la Fantana Alba, dl. col. (r). Vasile Ilica, devenit &#8220;persona non grata&#8221; in Ucraina la 88 de ani, a fost distins de Ziua Libertatii Presei 2014 cu Premiul &#8220;Mile Carpenisan&#8221;, pentru lupta sa neobosita in numele adevarului istoric. Asociatia <a href=\"http:\/\/civicmedia.ro\">Civic Media<\/a> si portalul <a href=\"http:\/\/basarabia-bucovina.info\">Basarabia-Bucovina.Info<\/a> i-au acordat dlui Vasile Ilica Premiul &#8220;Mile Carpenisan&#8221; pentru Curaj si Excelenta in Jurnalism, in semn de omagiu pentru intreaga sa activitate in slujba adevarului, ca publicist si cercetator privind masacrele holocaustului bolsevic din nordul Bucovinei.<\/strong><\/p>\n<p><a href=\"http:\/\/observator.a1.ro\/social\/S-a-infiintat-premiul-pentru-Curaj-si-Excelenta-in_10057.html\">Incepand cu 2010 <em>(video)<\/em><\/a>, Asociatia <a href=\"http:\/\/civicmedia.ro\">Civic Media<\/a> acorda <a href=\"http:\/\/www.europalibera.org\/content\/news\/24091647.html\">Premiul pentru curaj si excelenta in jurnalism \u201cMile Carpenisan\u201d<\/a>, in memoria colegului nostru plecat prea repede dintre noi. Premiul a fost acordat pana acum, in 2010, jurnalistului si cameramanului Antena 3 Dan Nitescu \u2013 <a href=\"http:\/\/inmemoriam-milecarpenisan.ro\/?p=71\" rel=\"bookmark\">pentru curajul demonstrat la evenimentele din 7 aprilie 2009 de la Chisinau<\/a>, in 2011, <a href=\"http:\/\/inmemoriam-milecarpenisan.ro\/?p=83\">reporterului de razboi<\/a>, blogger si jurnalist independent <a href=\"http:\/\/cristianbotez.wordpress.com\/2011\/05\/05\/un-premiu-in-memoria-lui-mile-carpenisan\/\">Cristian Botez<\/a> si ziaristului oradean <a href=\"http:\/\/inmemoriam-milecarpenisan.ro\/?p=81\">Florin Budea<\/a>, <a href=\"http:\/\/www.ziaristionline.ro\/?s=florin+budea&amp;x=0&amp;y=0\"> haituit in instanta de Laszlo Tokes<\/a>, in 2012, <a href=\"http:\/\/inmemoriam-milecarpenisan.ro\/?p=92\" rel=\"bookmark\">reputatului analist de politica internationala Corneliu Vlad<\/a> iar in 2013 a revenit <a href=\"http:\/\/inmemoriam-milecarpenisan.ro\/?p=111\" rel=\"bookmark\">avertizorului Dan Tanasa, \u201cinamicul public Nr. 1\u2033 al extremistilor maghiari de pretutindeni.<\/a> Dl. Vasile Ilica se poate mandri ca este considerat, si dansul, &#8220;inamicul public Nr 1&#8221;, dar al statului ucrainean, fiind in continuare interzis pe meleagurile sale natale, in ciuda schimbarii regimului si desi anul acesta implineste 90 de ani.<\/p>\n<p>Vasile Ilica a primit in aprilie 2012, in ajun de Sfintele Pasti si a doua zi dupa comemorarea masacrului de la Fantana Alba, interdictie de intrare in Ucraina pentru cinci ani, desi casa sa parinteasca si mormintele parintilor se afla in regiunea Cernauti a fostei republici sovietice. <a href=\"http:\/\/www.ziaristionline.ro\/2012\/04\/05\/scriitorul-vasile-ilica-cercetator-asupra-masacrelor-antiromanesti-din-bucovina-a-fost-declarat-persona-non-grata-in-ucraina\/\">Situatia sa a fost adusa de Civic Media in atentia presedintelui Romaniei si a ministrului de Externe al Romaniei<\/a>, acesta din urma trimitandu-l sa negocieze cu Securitatea ucraineana (SBU). Cu toate ca Romania, prin conducatorii ei vremelnici, se declara o sustinatoare infocata a integritatii teriotoriale a Ucrainei si a presupusului ei parcurs european si euro-atlantic, statul articificial vecin nu catadicseste sa respecte nici cele mai elementare drepturi ale romanilor, consfintite prin acorduri internationale. Aceasta fie ca sunt la ei acasa, in Transcarpatia, nordul Bucovinei, Tinutul Herta si Bugeac, Basarabia istorica, fie ca sunt cetateni ai Uniunii Europene, ca Vasile Ilica si alti doi jurnalisti profesionisti, declarati de asemenea &#8220;dusmani ai poporului ucrainean&#8221; pentru articolele lor despre comunitatea romaneasca din Ucraina, Simona Lazar si Valentin Tigau, de la Jurnalul National si Radio Romania.<\/p>\n<p>Civic Media, asociatie infiintata in anul 2000 cu scopul de a contribui la apararea valorilor nationale prin intermediul mass-media si a actiunii civice directe si inteligente, devenind si o redutabila resursa de informatii si analize geopolitice, ca editor a numeroase volume de specialiate, profita de aceasta ocazie pentru a atrage atentia autoritatilor statului roman de azi, urmatoarele:<\/p>\n<p><strong>1.<\/strong> Actuala Ucraina va merge spre destramare in cel mai scurt timp, conform previziunilor si, momentan partial, a hartii intocmite de analistii Civic Media si prezentate in ziarul ZIUA inca de-acum 10 ani. Din cele doua state care vor rezulta, in cel cu pretentii de afiliere la structurile euro-atlantice, ponderea minoritatii romanesti &#8211; estimata la circa 600.000 de romani &#8211; va creste major, ca urmare a micsorarii populatiei ucrainene a noului stat creat. De asemenea, in aceeasi situatie se va afla minoritatea poloneza dar si cea rusa ramasa, si, cu un rol minor, cea maghiara. In noile conditii se impune ca statul roman sa faca tot ceea ce este posibil ca membrii comunitatii romanesti din Noua Ucraina &#8211; impreuna cu cei ai comunitatii poloneze, minoritate care apartine de un stat cu care impartasim numeroase deziderate europene si euro-atlantice &#8211; sa beneficieze de aceleasi drepturi de care beneficiaza minoritatea maghiara din Romania.<\/p>\n<p><strong>2.<\/strong> Prin preluarea sub control a Crimeii de catre Federatia Rusa, invocandu-se existenta unui act administrativ al fostei URSS, acum anulat sine-die, se creeaza premisa posibilitatii invocarii aceleiasi proceduri, ce-si va intra in legalitate dupa modelul deschis de precedentul Kosovo, si in cazul Insulei Serpilor, pamant romanesc si important punct geostrategic si geoeconomic la Marea Neagra, cedat fostei URSS, de asemenea, printr-un simplu act administrativ, respectiv un proces verbal (!), dar prezent in cadrul teritoriului national al Romaniei in urma Tratatului de la Paris din 1947.<\/p>\n<p><strong>3.<\/strong> Avand in vedere previzibila disolutie a statului ucrainean rezultat in urma disparitiei URSS, stat ex-sovietic cu care Romania a semnat un rusinos Tratat de baza in 1997, criticat adeseori de actualul presedinte al Romaniei, Traian Basescu, dar niciodata denuntat, documentul in sine devine caduc si se auto-anuleaza de la sine, deschizandu-se astfel posibilitatea negocierii pe cale pasnica a revenirii tuturor teritoriilor romanesti ocupate de URSS &#8211; expresia administrativa a unui regim criminal blamat la nivel mondial &#8211; la tara mama, Romania.<\/p>\n<p><a href=\"http:\/\/civicmedia.ro\">Civic Media<\/a> si pagina de istorie nationala <a href=\"http:\/\/basarabia-bucovina.info\">Basarabia-Bucovina.Info<\/a> sunt onorate sa mai spele putin din delasarea autoritatilor si sa confere acest premiu binemeritat col. (r) Vasile Ilica, impreuna cu desemnarea sa drept membru de onoare al Asociatiei Civic Media. Dl. Vasile Ilica este si membru de onoare al Asociatiei Nationale pentru Cultul Eroilor cat si membru al Asociatia \u201cPro Basarabia si Bucovina\u201d si Societatii pentru Cultura Romaneasca \u201cMihai Eminescu\u201d din Cernauti si a fost distins pentru activitatea sa, printre multe altele, cu \u201ePremiul Document\u201d al Bibliotecii Na\u0163ionale a Republicii Moldova \u015fi Biroului de Informare al Comisiei Europene din Republica Moldova.<\/p>\n<p>Dl. Vasile Ilica este martor direct al evenimentelor care au culminat cu masacrele de la Lunca si Fantana Alba din 1941 si un cercetator pasionat, meticulos si eficient asupra holocaustului bolsevic din nordul Bucovinei, cum il numeste chiar dansul in scrierile sale. In 2012, anul interdictiei, a facut publica o noua descoperire macabra, respectiv dovada unei alte crime in masa: sute de romani dar si ucrainieni, executati de NKVD, filiala ucraineana, dupa prima ocupatie a Bucovinei si aruncati intr-o groapa comuna in Cernauti inainte de venirea trupelor romane eliberatoare. Dl. Vasile Ilica, care banuieste ca acesta este motivul interdictiei sale, a descoperit chiar si lista cu numele victimelor ucise de NKVD, lista care ar trebui sa intre imediat in atentia Parchetului General al Romaniei, avand in vedere ca aceasta crima in masa s-a petrecut pe teritoriul Romaniei, asupra unor cetateni romani.<\/p>\n<p>Concret, dansul considera ca &#8220;aceast\u0103 m\u0103sur\u0103 luat\u0103 de autorit\u0103\u021bile ucrainene de la Cern\u0103u\u021bi se constituie ca form\u0103 de \u201erepresalii\u201c \u00eempotriva autorului c\u0103r\u021bii <strong>\u201eMomente din istoria zbuciumat\u0103 a Bucovinei \u2013 episodul: Nordul Bucovinei zon\u0103 de ocupa\u021bie a URSS (1940\u20131991)\u201c<\/strong>, lucrare \u00een care pentru prima dat\u0103 se public\u0103 <strong>un num\u0103r de \u0219ase liste, traduse \u00een limba rom\u00e2n\u0103, cu numele a 222 de\u021binu\u021bi politici bucovineni ce se g\u0103seau \u00een iunie 1941 \u00een \u00cenchisoarea din Cern\u0103u\u021bi, unde au fost condamna\u021bi la moarte \u0219i executa\u021bi de c\u0103tre organele UKGB \u00een perioada 28 iunie\u20133 iulie 1941.<\/strong>&#8221;<\/p>\n<p>Pe langa articolele de istorie si dezvaluiri din <em>Familia rom\u00e2n\u0103, Cri\u015fana, Arca\u015ful, Plai rom\u00e2nesc, Zorile Bucovinei, Gazeta de Her\u0163a<\/em>, s.a., laureatul Civic Media 2014 este autorul urmatoarelor lucrari de specialitate, ce ar trebui achizionate in numar cat mai mare de mai multe ministere ale Romaniei, si difuzate atat in tara cat si in strainatate:<\/p>\n<p>1) <strong>\u201eF\u00e2nt\u00e2na Alb\u0103 o m\u0103rturie de s\u00e2nge\u201c<\/strong> \u2013 Editura Imprimeria de Vest Oradea, 1999, 320 pagini. Lucrarea a fost lansat\u0103 la cel de al III-lea Congres al Intelectualit\u0103\u021bii din Nordul Bucovinei (5 martie 2000);<br \/>\n2) Volumul <strong>\u201eMartiri \u0219i m\u0103rturii din Nordul Bucovinei\u201c<\/strong> \u2013 Editura Imprimeria de Vest Oradea, 2003, 477 pagini. Aceast\u0103 lucrare a necesitat mai bine de 7 ani de documentare \u00een r\u00e2ndul victimelor stalinismului, \u00een diverse arhive \u0219i \u00een presa timpului. Dup\u0103 lansare, aceast\u0103 carte a beneficiat de o frumoas\u0103 recenzie a ziaristei Maria Toac\u0103 intitulat\u0103 \u201eFile s\u00e2nger\u00e2nde din cartea neagr\u0103 a neamului\u201c publicat\u0103 \u00een revista Zorile Bucovinei, din 4 mai 2004;<br \/>\n3) Volumul <strong>\u201eBucovina abandonat\u0103\u201c<\/strong> \u2013 Editura Imprimeria de Vest Oradea, 2010, 476 pagini. Aceast\u0103 carte a fost lansat\u0103 \u00een cadrul simpozionului \u201eS\u0103rb\u0103toarea c\u0103r\u021bii\u201c, organizat de Societatea pentru cultur\u0103 rom\u00e2neasc\u0103 \u201eMihai Eminescu\u201c din Cern\u0103u\u021bi, la data de 25 aprilie 2010, prilej cu care mi s-a acordat o diplom\u0103 de onoare;<br \/>\n4) <strong>\u201eBucovina pe calea re\u00eentregirii \u2013 1775\u20131918\u201c<\/strong>, 152 pagini \u2013 Editura \u201eProvita\u201c din Cluj, lucrare \u00eenchinat\u0103 unirii Bucovinei din 1918 \u0219i distribuit\u0103 studen\u021bilo \u0219i elevilor bucovineni \u0219i basarabeni ce au studiat \u00een Rom\u00e2nia.<br \/>\n5) <strong>\u201eBasarabia la \u00eent\u00e2lnire cu istoria \u2013 1917\u20131918\u201c<\/strong> \u2013 Editura \u201eProvita\u201c din Cluj, lucrare \u00eenchinat\u0103 unirii Basarabiei, ce de asemenea a fost distribuit\u0103 studen\u021bilor \u0219i elevilor din Bucovina \u0219i Basarabia.<br \/>\n6) Volumul <strong>\u201eMomente din istoria zbuciumat\u0103 a Bucovinei \u2013 episodul Nordul Bucovinei zon\u0103 de ocupa\u021bie a URSS (1940\u20131991)\u201c<\/strong> \u2013 Editura Imprimeria de Vest Oradea, 2011, 239 pagini, lucrare propus\u0103 a fi prezentat\u0103 la simpozionul \u201e70 de ani de la masacrul de l\u00e2ng\u0103 F\u00e2nt\u00e2na Alb\u0103\u201c (31 martie 2011) \u2013 simpozion organizat de Societatea Golgota din Cern\u0103u\u021bi.<br \/>\n7) Volumul <strong>&#8220;Bucovina noastra &#8211; Antologie istorica 1775 -2011&#8221;<\/strong> &#8211; Editura Imprimeria de Vest, Oradea, 2012, 695 pagini, cu o prefata de prof. univ. dr. Mihai Drecin<\/p>\n<p>La aflarea vestii noastre privind noua recunoastere a muncii sale deosebite, de catre <a href=\"http:\/\/civicmedia.ro\">Civic Media<\/a> si <a href=\"http:\/\/basarabia-bucovina.info\">Basarabia-Bucovina.Info<\/a>, dl. Vasile Ilica, care implineste anul acesta 90 de ani, fiind n\u0103scut la 11 noiembrie 1924 \u00een satul bucovinean Brosc\u0103u\u0163ii Noi, din apropierea Storojine\u0163ului si apoi refugiat \u00een anii \u201944, a fost extrem de emotionat. Dansul ne-a marturisit ca tot ce-si mai doreste in acest moment este sa-si sarbatoreasca implinirea a 90 de ani alaturi de prietenii si camarazii sai, acasa, in Bucovina natala. Il va ajuta oare Presedintele Romaniei sau Ministerul de Externe al Romaniei?<\/p>\n<p>Surse: <a href=\"http:\/\/inmemoriam-milecarpenisan.ro\"><strong>InMemoriam-MileCarpenisan.Ro<\/strong><\/a> via <a href=\"http:\/\/civicmedia.ro\"><strong>Asociatia Civic Media<\/strong><\/a> si <a href=\"http:\/\/basarabia-bucovina.info\/2014\/05\/05\/cercetatorul-vasile-ilica-interzis-in-ucraina-distins-cu-premiul-mile-carpenisan-pentru-curaj-si-excelenta-in-jurnalism-2014-de-catre-civic-media-si-basarabia-bucovina-info\/\"><strong>Basarabia-Bucovina.Info<\/strong><\/a><\/p>\n<p>Descarcati de aici <a href=\"http:\/\/roncea.ro\/wp-content\/uploads\/2014\/05\/Dl-Vasile-Ilica-Documente.pdf\">Memoriul trimis de Vasile Ilica Ministerului de Externe al Romaniei<\/a> si vedeti mai jos Contestatia sa trimisa organelor Ucrainei.<\/p>\n<p>Adenda: Despre toate acestea, dar in mod special despre descoperirile cercetatorului nonagenar Vasile Ilica privind masacrele holocaustului bolsevic din Bucovina ocupata, puteti afla din interviul realizat de Victor Roncea cu ocazia comemorarii a 73 de ani de la Masacrul de la Fantana Alba, din 1 aprilie 1941, disponibil mai jos. <a href=\"http:\/\/basarabia-bucovina.info\">Basarabia-Bucovina. Info<\/a> urmeaza sa publice largi extrase din lucrarile laureatului nostru, veteranul de pe frontul adevarului romanesc, Vasile Ilica.<\/p>\n<p><iframe src=\"\/\/www.dailymotion.com\/embed\/video\/x1t5a2l\" height=\"338\" width=\"600\" allowfullscreen=\"\" frameborder=\"0\"><\/iframe><br \/>\n<a href=\"http:\/\/www.dailymotion.com\/video\/x1t5a2l_cercetator-al-masacrelor-din-bucovina-veteranul-vasile-ilica-distins-cu-premiul-mile-carpenisan-2014_news\" target=\"_blank\">Cercetator al Masacrelor din Bucovina, veteranul Vasile Ilica distins cu Premiul Mile Carpenisan 2014<\/a> <i>de <a href=\"http:\/\/www.dailymotion.com\/ZiaristiOnlineTV\" target=\"_blank\">ZiaristiOnlineTV<\/a><\/i><\/p>\n<p>De asemenea, cititi mai jos o cronica a lucrarii &#8220;BUCOVINA NOASTR\u0102 &#8211; Antologie Istoric\u0103 1775-2011&#8221;, scrisa de prof. Vasile Stancu si publicata de <a href=\"http:\/\/www.condeiulardelean.ro\/articol\/bucovina-noastra-antologie-istorica-1775-2011-de-vasile-ilica\">Condeiul ardelean<\/a>, ascultati un interviu cu dl. Vasile Ilica publicat de <a href=\"http:\/\/www.rador.ro\/info4.shtml?cat=666&amp;news=316345\">Rador -sub titlul <em>Tragedia de la F\u00e2nt\u00e2na Alb\u0103<\/em><\/a> si urmariti emisiunea <a href=\"http:\/\/romaniateiubesc.stirileprotv.ro\/emisiuni\/2013\/sezonul-1\/amintiri-scaldate-in-sange-partea-i-crimele-de-la-1-aprilie-1941-cum-au-fost-ucisi-mii-de-romani-de-catre-sovietici.html\">ProTv &#8211; Romania te iubesc! &#8211;<em> Amintiri scaldate in sange. Crimele de la 1 aprilie 1941: cum au fost ucisi mii de romani de catre sovietici<\/em><\/a> (<em>video integral mai jos<\/em>), ai carei realizatori s-au deplasat la Oradea pentru a se documenta in mod special de la veteranul nostru, caruia ii dorim multa sanatate si sa ii dea Dumnezeu sa i se implineasca dorinta sa pentru 11 noiembrie, cand va implini 90 de ani. Doamne ajuta!<\/p>\n<p><iframe src=\"\/\/www.dailymotion.com\/embed\/video\/x1t2tyq\" height=\"338\" width=\"600\" allowfullscreen=\"\" frameborder=\"0\"><\/iframe><br \/>\n<a href=\"http:\/\/www.dailymotion.com\/video\/x1t2tyq_masacrul-de-la-fantana-alba-1-aprilie-1941-amintiri-scaldate-in-sange_news\" target=\"_blank\">Masacrul de la Fantana Alba &#8211; 1 aprilie 1941 &#8211; Amintiri scaldate in sange<\/a> <i>de <a href=\"http:\/\/www.dailymotion.com\/ZiaristiOnlineTV\" target=\"_blank\">ZiaristiOnlineTV<\/a><\/i><\/p>\n<p><strong>DOCUMENTE:<\/strong><\/p>\n<p><a href=\"http:\/\/basarabia-bucovina.info\/wp-content\/uploads\/2014\/05\/Vasile-Ilica-Contestatie-Interdictie-Ucraina-1-Familia-Romana.jpg\"><img loading=\"lazy\" class=\"aligncenter size-full wp-image-2594\" alt=\"Familia romana 2012 decembrie NEW.vp\" src=\"http:\/\/basarabia-bucovina.info\/wp-content\/uploads\/2014\/05\/Vasile-Ilica-Contestatie-Interdictie-Ucraina-1-Familia-Romana.jpg\" width=\"596\" height=\"842\" \/><\/a><\/p>\n<p><a href=\"http:\/\/basarabia-bucovina.info\/wp-content\/uploads\/2014\/05\/Vasile-Ilica-Contestatie-Interdictie-Ucraina-2-Familia-Romana.jpg\"><img loading=\"lazy\" class=\"aligncenter size-full wp-image-2595\" alt=\"Familia romana 2012 decembrie NEW.vp\" src=\"http:\/\/basarabia-bucovina.info\/wp-content\/uploads\/2014\/05\/Vasile-Ilica-Contestatie-Interdictie-Ucraina-2-Familia-Romana.jpg\" width=\"596\" height=\"842\" \/><\/a><\/p>\n<p><strong>BUCOVINA NOASTR\u0102 &#8211; Antologie Istoric\u0103 1775-2011 de Vasile Ilica<\/strong><\/p>\n<p><a href=\"http:\/\/basarabia-bucovina.info\/wp-content\/uploads\/2014\/05\/Dl-Vasile-Ilica-distins-de-Familia-Romana-Foto-Gheorghe-Petrila-Basarabia-Bucovina.Info_.jpg\"><img loading=\"lazy\" class=\"aligncenter size-full wp-image-2598\" alt=\"Dl Vasile Ilica distins de Familia Romana - Foto Gheorghe Petrila - Basarabia-Bucovina.Info\" src=\"http:\/\/basarabia-bucovina.info\/wp-content\/uploads\/2014\/05\/Dl-Vasile-Ilica-distins-de-Familia-Romana-Foto-Gheorghe-Petrila-Basarabia-Bucovina.Info_.jpg\" width=\"600\" height=\"519\" \/><\/a><\/p>\n<p><a href=\"http:\/\/www.condeiulardelean.ro\/autor\/prof-vasile-stancu\">prof. Vasile Stancu<\/a><\/p>\n<div id=\"attachment_2599\" style=\"width: 310px\" class=\"wp-caption alignright\"><a href=\"http:\/\/basarabia-bucovina.info\/wp-content\/uploads\/2014\/05\/Dl-Vasile-Tarateanu-la-lansarea-cartii-dlui-Vasile-Ilica-Foto-Gheorghe-Petrila-Basarabia-Bucovina.Info_.jpg\"><img aria-describedby=\"caption-attachment-2599\" loading=\"lazy\" class=\" wp-image-2599 \" alt=\"Dl Vasile Tarateanu la lansarea cartii dlui Vasile Ilica - Foto Gheorghe Petrila - Basarabia-Bucovina.Info\" src=\"http:\/\/basarabia-bucovina.info\/wp-content\/uploads\/2014\/05\/Dl-Vasile-Tarateanu-la-lansarea-cartii-dlui-Vasile-Ilica-Foto-Gheorghe-Petrila-Basarabia-Bucovina.Info_-300x199.jpg\" width=\"300\" height=\"199\" \/><\/a><p id=\"caption-attachment-2599\" class=\"wp-caption-text\">Dl. Vasile Tarateanu prezentand cartea dlui Vasile Ilica<\/p><\/div>\n<p>Autorul Vasile Ilica <em>(foto sus)<\/em>, n\u0103scut la 11 noiembrie 1924, \u00een satul bucovinean Brosc\u0103u\u0163ii Noi, din apropierea Storojine\u0163ului, de profesie subinginer constructor, refugiat \u00een anii \u201940 din Bucovina, veteran de pe frontul antihitlerist al celui de-al II-lea r\u0103zboi mondial, a cunoscut din tinere\u0163e vicisitudinile conflictului mondial care a afectat at\u00e2t de tragic \u0163ara noastr\u0103 \u00een acea perioad\u0103. Atunci, ne aminte\u015fte Vasile Ilica \u00een cartea sa, \u201edin trupul Rom\u00e2niei Mari au fost rupte teritorii \u015fi comunit\u0103\u0163i \u00eensemnate prin jocul politic al marilor puteri ale vremii: Germania, Italia \u015fi URSS. Din p\u0103cate, Pacea de la Paris din 1946-1947 a sanc\u0163ionat abuziv r\u0103m\u00e2nerea Bucovinei de Nord \u015fi a Basarabiei sub controlul URSS. &#8230; Tragediile individuale \u015fi colective suferite \u00een acei ani \u015fi dup\u0103 aceea, p\u00e2n\u0103 ast\u0103zi, au r\u0103mas nu numai \u00een memoria documentelor, ci \u015fi a celor care au fost martorii sau actorii evenimentelor\u201d.<\/p>\n<p><!--more--><br \/>\nInjusti\u0163ia s\u0103v\u00e2r\u015fit\u0103 \u00eempotriva poporului rom\u00e2n, ororile prin care a trecut, \u00eempreun\u0103 cu familia, prietenii \u015fi cunoscu\u0163ii, dragostea sa fa\u0163\u0103 de locurile natale \u015fi \u00eenclina\u0163iile native c\u0103tre disciplina \u201emuzei Clio\u201d, dar, mai cu seam\u0103, necesitatea cunoa\u015fterii adev\u0103rului istoric care a fost profund manipulat de interesele \u201emarii puteri de la r\u0103s\u0103rit\u201d, i-au format \u015fi \u00eent\u0103rit convingerea c\u0103 evenimentele, faptele, \u00eent\u00e2mpl\u0103rile prin care a trecut trebuie neap\u0103rat a\u015fternute pe h\u00e2rtie spre cuno\u015ftin\u0163a genera\u0163iilor actuale \u015fi viitoare, av\u00e2nd \u00een vedere cu prec\u0103dere maxima marelui istoric Nicolae Iorga potrivit c\u0103reia \u201eUn popor care nu-\u015fi cunoa\u015fte istoria este ca \u015fi un copil care nu-\u015fi cunoa\u015fte p\u0103rin\u0163ii\u201d, maxim\u0103 pus\u0103 ca moto pe coperta interioar\u0103 a fiec\u0103reia dintre cele \u015fase c\u0103r\u0163i scrise.<br \/>\nCunosc\u00e2nd \u015fi adev\u0103rul crud conform c\u0103ruia \u201eIstoria o fac \u015fi \u00eenving\u0103torii \u015fi \u00eenvin\u015fii. Deopotriv\u0103. \u00cens\u0103, de scris o scriu numai \u00eenving\u0103torii. Bine\u00een\u0163eles potrivit voin\u0163ei lor\u201d \u015fi \u201eindica\u0163iile Marelui Stalin\u201d, care, \u00een \u00een\u0163elepciunea sa, ordona \u201eTovar\u0103\u015fi, asigura\u0163i-v\u0103 necesarele teritorii, c\u0103 \u00een ceea ce prive\u015fte istoria acestor teritorii o s-o \u015ftim scrie \u015fi noi\u201d, subinginerul Vasile Ilica, iubitorul de istorie \u015fi a adev\u0103rului s\u0103u, odat\u0103 ie\u015fit la pensie, a pornit la scormonirea lui, nu numai \u00een propria-i memorie \u015fi a contemporanilor s\u0103i, ci \u015fi \u00een cel al arhivelor, al presei timpului, al studiilor \u015fi lucr\u0103rilor dedicate evenimentelor desf\u0103\u015furate \u00een acei ani, sau al compendiilor de istorie a Bucovinei \u015fi Basarabiei.<br \/>\nAstfel, \u00eentr-o perioad\u0103 de timp relativ scurt\u0103 &#8211; 1999-2012, Vasile Ilica, a scris, bazat pe cercetarea izvoarelor documentare \u015fi autoritatea participantului la evenimente, numeroase articole \u015fi studii. Publicate \u00een diferite ziare \u015fi reviste, at\u00e2t din \u0163ar\u0103 (Familia rom\u00e2n\u0103, Cri\u015fana), c\u00e2t \u015fi din Ucraina (Arca\u015ful, Plai rom\u00e2nesc, Zorile Bucovinei, Gazeta de Her\u0163a), ele au constituit nucleele viitoarelor sale \u015fase c\u0103r\u0163i, care ast\u0103zi cuprind peste 2.350 de pagini de istorie autentic\u0103: \u201eF\u00e2nt\u00e2na Alb\u0103 &#8211; o m\u0103rturie de s\u00e2nge: istorie, amintiri, m\u0103rturii\u201d, Editura Imprimeria de Vest, Oradea, 1999, 320 p.; \u201eMartiri \u015fi m\u0103rturii din Nordul Bucovinei\u201d, Editura Imprimeria de Vest, Oradea, 2003, 477 p.; \u201eBasarabia la \u00eent\u00e2lnirea cu Istoria, 1917-1918\u201d, Editura Imprimeria de Vest, Oradea, 2008, 50 p.; \u201eBucovina abandonat\u0103\u201d, Editura Imprimeria de Vest, Oradea, 2010, 576 p.; \u201eMomente din istoria zbuciumat\u0103 a Bucovinei. Episodul: Nordul Bucovinei &#8211; zon\u0103 de ocupa\u0163ie a URSS (1940-1991)\u201d, Editura Imprimeria de Vest, Oradea, 2011, 239 p. \u015fi \u201eBucovina Noastr\u0103 &#8211; Antologie Istoric\u0103 1775-2011\u201d, Editura Imprimeria de Vest, Oradea, 2012, 695 p.<br \/>\nPentru activitatea sa deosebit\u0103 \u00een domeniul cercet\u0103rii \u015fi public\u0103rii unor momente importante din istoria contemporan\u0103 a Nordului Bucovinei, scriitorul Vasile Ilica a fost distins cu numeroase premii \u015fi diplome, dintre care cele mai apropiate sufletului s\u0103u le consider\u0103 a fi: \u201ePremiul Document\u201d al Bibliotecii Na\u0163ionale a Republicii Moldova \u015fi Biroului de Informare al Comisiei Europene din Republica Moldova; \u201eDiploma de Onoare\u201d a Societ\u0103\u0163ii pentru Cultura Rom\u00e2neasc\u0103 \u00abMihai Eminescu\u00bb din regiunea Cern\u0103u\u0163i pentru merite deosebite \u00een dezvoltarea culturii rom\u00e2ne\u015fti din Nordul Bucovinei, prodigioasa activitate ob\u015fteasc\u0103, cultural\u0103, editorial\u0103 \u015fi cu ocazia lans\u0103rii volumului documentar \u201eBucovina abandonat\u0103\u201d (25 aprilie 2010); \u201eDiploma de Onoare\u201d a publica\u0163iei \u201eFamilia rom\u00e2n\u0103\u201d, revist\u0103 a rom\u00e2nilor de pretutindeni, \u00een care problematica rom\u00e2nilor din Nordul Bucovinei este \u00een cea mai mare parte acoperit\u0103 de scriitorul Vasile Ilica (25 octombrie 2012). De asemenea, scriitorul Vasile Ilica este membru activ \u00een \u201eAsocia\u0163ia Pro Basarabia \u015fi Bucovina\u201d, precum \u015fi \u00een Societatea pentru Cultura Rom\u00e2neasc\u0103 \u00abMihai Eminescu\u00bb din regiunea Cern\u0103u\u0163i.<br \/>\nLa sugestia dr. Ioan L\u0103c\u0103tu\u015fu, scriitorul Vasile Ilica mi-a f\u0103cut onoarea de a-mi \u00eencredin\u0163a prezentarea (at\u00e2t la manifest\u0103rile dedicate s\u0103rb\u0103toririi Zilei Na\u0163ionale, c\u00e2t \u015fi \u00een pres\u0103) recentei sale apari\u0163ii editoriale, petrecut\u0103 \u00een octombrie 2012, la Oradea, intitulat\u0103 \u201eBucovina noastr\u0103. Antologie istoric\u0103 1775-2011\u201d.<br \/>\nDesigur, foarte mul\u0163i dintre cititorii no\u015ftri \u015ftiu c\u0103 o antologie este o lucrare reprezentativ\u0103 cuprinz\u00e2nd o culegere de lucr\u0103ri sau texte reprezentative alese dintr-unul sau mai mul\u0163i autori, dintr-una sau mai multe opere. Mai bine spus, \u00een domeniul istoriei, antologia este considerat\u0103 a fi o crestoma\u0163ie de texte istorice reprezentative, at\u00e2t provenite din operele marilor personalit\u0103\u0163i ale istoriei \u015fi culturii na\u0163ionale, c\u00e2t \u015fi din scrierile autorului, \u201ebazat\u0103 pe evenimente \u015fi fapte autentice sub forma unor \u201eepisoade istorice\u201d \u00een maniera \u00een care sunt prefigurate \u00een mod sugestiv pe coperta acestei c\u0103r\u0163i\u201d. Autorul Vasile Ilica se refer\u0103 la perioadele (episoadele istorice) din istoria Bucovinei \u00eenf\u0103\u0163i\u015fate pe coperta c\u0103r\u0163ii prin stemele care reprezentau teritoriul sau o parte a teritoriului s\u0103u, de la desprinderea sa din trupul Moldovei, la 1775, \u015fi p\u00e2n\u0103 la momentul opririi document\u0103rii sale, sf\u00e2r\u015fitul anului 2011. Astfel, \u201eepisoadele istorice\u201d devin argumente ale periodiz\u0103rii Istoriei Bucovinei (secolul XIII-1940) sau a Nordului Bucovinei (1940-2011), dar \u015fi capitole distincte \u00een cadrul structurii lucr\u0103rii. Ele se \u00eenscriu \u00eentr-o cronologie fireasc\u0103 a istoriei oamenilor \u015fi locurilor, definit\u0103 de autor astfel: cap. I &#8211; Bucovina la \u00eent\u00e2lnirea cu Istoria; cap. II &#8211; Bucovina austriac\u0103; cap. III &#8211; Bucovina rom\u00e2neasc\u0103; cap. IV &#8211; Nordul Bucovinei \u015fi \u0162inutul Her\u0163a, zon\u0103 cedat\u0103 de Rom\u00e2nia c\u0103tre URSS; cap. V &#8211; Nordul Bucovinei, sudul Basarabiei \u015fi \u0162inutul Her\u0163a, regiuni rom\u00e2ne\u015fti preluate de fosta URSS \u00een urma aplic\u0103rii Pactului Ribbentrop-Molotov \u015fi atribuite RSS Ucrainean\u0103 \u00een baza hot\u0103r\u00e2rii Sovietului Suprem (2 august 1940). Lucrarea surprinde \u00een capitolul final, al VI-lea, c\u00e2teva informa\u0163ii privind afluxul de popula\u0163ie str\u0103in\u0103 \u00een Bucovina \u00een perioadele istorice de dup\u0103 anul instal\u0103rii st\u0103p\u00e2nirii habsburgice \u00een nord-vestul \u0162\u0103rii de Sus a Moldovei.<br \/>\n<a href=\"http:\/\/basarabia-bucovina.info\/wp-content\/uploads\/2014\/05\/Dl-Vasile-Ilica-onorat-la-Oradea-Foto-Gheorghe-Petrila-Basarabia-Bucovina.Info_.jpg\"><img loading=\"lazy\" class=\"alignright size-medium wp-image-2600\" alt=\"Dl Vasile Ilica onorat la Oradea- Foto Gheorghe Petrila - Basarabia-Bucovina.Info\" src=\"http:\/\/basarabia-bucovina.info\/wp-content\/uploads\/2014\/05\/Dl-Vasile-Ilica-onorat-la-Oradea-Foto-Gheorghe-Petrila-Basarabia-Bucovina.Info_-300x199.jpg\" width=\"300\" height=\"199\" \/><\/a>\u00cen primul capitol, autorul trece \u00een revist\u0103 interesul manifestat de cronicari \u015fi istorici, rom\u00e2ni \u015fi str\u0103ini, reprezent\u00e2nd st\u0103p\u00e2nirile exercitate de-a lungul timpului asupra acestui teritoriu, \u00een a argumenta apartenen\u0163a acestuia la forma\u0163iunea statal\u0103 de origine a autorului, sau a rolului avut \u00een evolu\u0163ia pozitiv\u0103 a vie\u0163ii social-economice \u015fi cultural-spirituale a locuitorilor acestei regiuni istorice. G\u0103sim printre ace\u015ftia pe rom\u00e2nii Dimitrie Cantemir, Dimitrie Onciul, Eudoxiu Hurrmuzachi, Mihail Kog\u0103lniceanu, Ion Budai-Deleanu, Nicolae Iorga, A.D. Xenopol, C.C. Giurescu, Ion Nistor, Mihai Iacobescu, austriecii Frederich Keindel, Ferdinand Zieglauer von Blumenthal, Johan Polek-Karamstorfer, ucrainienii Alexander Monastyrschi, Emil Kaluzniacki, M. Korduba, M. Hru\u015fevschi. Dar, mai cu seam\u0103 \u00een anii `90, acest interes din partea istoricilor str\u0103ini \u015fi rom\u00e2ni s-a amplificat, fiind \u00eenfiin\u0163ate trei institute de cercet\u0103ri: \u201eBukovina Institut\u201d din Ausburg &#8211; Austria (10 noiembrie 1989); Centrul de Cercet\u0103ri Bucovinene din Cern\u0103u\u0163i &#8211; Ucraina (martie 1990) \u015fi Centrul pentru Studierea Problemelor Bucovinei din R\u0103d\u0103u\u0163i &#8211; Rom\u00e2nia (6 septembrie 1992), fiecare dintre acestea sus\u0163in\u00e2nd problematica specific\u0103 originii lor etnice \u015fi desf\u0103\u015fur\u00e2nd manifest\u0103ri \u00een consecin\u0163\u0103, exemplificate de autor prin tematicile abordate: influen\u0163a benefic\u0103 a Austriei \u00een cei 144 de ani de st\u0103p\u00e2nire; contestarea caracterului rom\u00e2nesc al Bucovinei; autohtonia slavilor; problematica Ucrainei Mari; Unirea Bucovinei cu Rom\u00e2nia etc&#8230;<br \/>\nCapitolul al II-lea prezint\u0103 modul ru\u015finos \u00een care Austria a reu\u015fit s\u0103-\u015fi impun\u0103 domina\u0163ia asupra nord-vestului \u0162\u0103rii de Sus a Moldovei &#8211; regiune numit\u0103, din aprilie 1780, Buckovina &#8211; \u015fi etapele administra\u0163iei habsburgice asupra acestuia: Etapa administra\u0163iei militare (1775-1786), c\u00e2nd era condus\u0103 de un guvernator militar subordonat Consiliului Aulic de R\u0103zboi de la Viena; Etapa administra\u0163iei gali\u0163iene (1786-1849), perioad\u0103 \u00een care regiunea este transformat\u0103 \u00een cel de-al XIX-lea district administrativ al Gali\u0163iei, fiind condus de un \u201ec\u0103pitan districtual\u201d, numit de guberniul de la Lemberg; Etapa ducatului autonom (1849-1862-1918), perioad\u0103 \u00een care i se acord\u0103 dreptul de a-\u015fi alege Diet\u0103 proprie, ca institu\u0163ie legislativ\u0103, iar conducerea administrativ\u0103 revenindu-i unui guberniu, \u00een frunte cu un gubernator numit de Viena. Al\u0103turi de prezentarea unor transform\u0103ri \u00een domeniile politico-religioase din perioada st\u0103p\u00e2nirii habsburgice, autorul arat\u0103 \u015fi repercusiunile etnice care s-au manifestat \u00een structura popula\u0163iei, datorate coloniz\u0103rilor de popula\u0163ie de origine slav\u0103, evreiasc\u0103 \u015fi german\u0103 \u015fi a politicii de dezna\u0163ionalizare \u015fi germanizare a popula\u0163iei autohtone &#8211; ponderea popula\u0163iei rom\u00e2ne reduc\u00e2ndu-se, \u00een perioada 1775-1910, de la 73,6 la sut\u0103 la 34,4 la sut\u0103. \u00cens\u0103, cea mai mare parte a acestui capitol este dedicat\u0103 luptei rom\u00e2nilor pentru neat\u00e2rnarea Bucovinei \u015fi Unirea cu patria mam\u0103, \u00een contextul desf\u0103\u015fur\u0103rii marelui r\u0103zboi de la \u00eenceputul secolului XX \u015fi al luptei popoarelor din marile imperii multina\u0163ionale europene pentru independen\u0163\u0103 na\u0163ional\u0103. Titluri precum: \u201eBucovina pe calea re\u00eentregirii (1917-1918)\u201d; \u201e\u00cen Bucovina s-a declan\u015fat calendarul re\u00eentregirii\u201d; \u201eEvocarea activit\u0103\u0163ii celor doi lupt\u0103tori bucovineni Iancu Cavaler de Flondor \u015fi istoricul Ion Nistor\u201d&#8230;. cele 26 de anexe, cuprinz\u00e2nd documentele care reflect\u0103 cronologic momentele importante ale luptei pentru unitate, precum \u015fi cele 29 de fotografii, \u00eenf\u0103\u0163i\u015f\u00e2nd oamenii politici implica\u0163i \u00een Unire \u015fi locurile ac\u0163iunilor lor, ne dau o imagine clar\u0103 despre lupta dus\u0103, greut\u0103\u0163ile \u00eenvinse \u015fi sacrificiile f\u0103cute de rom\u00e2nii bucovineni pentru \u00eencununarea, \u00een final, prin mo\u0163iunea istoric\u0103, de la 28 noiembrie 1918, a Unirii \u201enecondi\u0163ionat\u0103 \u015fi pe veci a Bucovinei, \u00een vechile hotare p\u00e2n\u0103 la Ceremu\u015f, Colacin \u015fi Nistru, cu Regatul Rom\u00e2niei\u201d.<br \/>\nPrima parte a capitolului urm\u0103tor, intitulat \u201eBucovina rom\u00e2neasc\u0103\u201d, reu\u015fe\u015fte s\u0103 surprind\u0103, din perioada interbelic\u0103, evolu\u0163ia integr\u0103rii provinciei \u00een spa\u0163iul statal rom\u00e2nesc, precum \u015fi transform\u0103rile pozitive petrecute \u00een domeniile social-politice, administrative, judec\u0103tore\u015fti, economico-financiare \u015fi cultural-spirituale ale vie\u0163ii locuitorilor bucovineni. \u00cen acest sens, autorul, aduce \u00een fa\u0163a cititorului fragmente semnificative din dou\u0103 scrieri ale istoricului Ion Nistor, \u201eBucovina la 10 ani de la Unirea din 1918\u201d \u015fi \u201eBucovina sub domina\u0163ia rom\u00e2neasc\u0103 la 20 de ani de la Unire\u201d, c\u00e2t \u015fi texte provenite din \u201eO istorie sincer\u0103 a poporului rom\u00e2n\u201d, de Florin Constantiniu, \u201eIstoria Rom\u00e2niei \u00eentre 1918-1940. Culegere de documente\u201d, de Ioan Scurtu \u015fi colaboratorii, \u201eRom\u00e2nia cu \u015fi f\u0103r\u0103 Antonescu\u201d, de Gheorghe Buzatu \u015fi a unor date semnificative din Enciclopedia Rom\u00e2niei anului 1938, care reu\u015fesc s\u0103 formeze cititorului o imagine real\u0103 a Bucovinei interbelice. Autorul, public\u00e2nd fragmentele: \u201eRegele Ferdinand \u00centregitorul \u015fi Bucovina\u201d, \u201eRegele Carol al II-lea la conducerea Rom\u00e2niei\u201d, \u201eRegele Carol al II-lea \u015fi Bucovina\u201d, precum \u015fi la anexele capitolului biografiile sumare ale regilor \u015fi reginelor Rom\u00e2niei, a \u0163inut s\u0103 sublinieze \u015fi bunele raporturi care s-au stabilit, \u00een procesul unirii \u015fi integr\u0103rii, \u00eentre dinastia rom\u00e2n\u0103 \u015fi bucovineni. Partea final\u0103 a capitolului creioneaz\u0103 contextul intern \u015fi puncteaz\u0103 principalele evenimente, de pe plan interna\u0163ional, care au avut loc \u00een anii 1938-1939.<br \/>\nUrm\u0103torul capitol, al IV-lea, cuprinde marea dram\u0103 prin care a trecut poporul rom\u00e2n din Nordul Bucovinei \u015fi \u0162inutul Her\u0163ei \u00een perioada primei ocupa\u0163ii sovietice (28 iunie 1940 &#8211; 31 iulie 1941) \u015fi celei de-a doua (1944-1990). Acoperind 300 de pagini, din cele 695 ale c\u0103r\u0163ii, con\u0163inutul capitolului reu\u015fe\u015fte s\u0103 redea, prin intermediul unor articole, documente, m\u0103rturii, schi\u0163e \u015fi fotografii, publicate \u00een pres\u0103 sau reviste \u015fi lucr\u0103ri de specialitate, tabloul s\u00e2ngeros al instaur\u0103rii \u015fi consolid\u0103rii st\u0103p\u00e2nirii sovietice pe aceast\u0103 parte de p\u0103m\u00e2nt rom\u00e2nesc. Str\u00e2nse cu migal\u0103 \u015fi pasiune, ele formeaz\u0103 un tot unitar, logic \u015fi credibil, reconstituind cu acribie evenimente ce s-au petrecut \u00een urm\u0103 cu peste \u015fapte decenii ce dep\u0103\u015fesc, \u00een multe cazuri, puterea noastr\u0103 de \u00een\u0163elegere. Pentru a ilustra cele scrise mai sus, \u0163in s\u0103 atrag aten\u0163ia asupra c\u00e2torva: relat\u0103rile zguduitoare ale lui Ilie Horo\u015finschi, \u015etefan Rupta\u015f \u015fi Mihai Cr\u0103iu\u0163, martori ai masacrelor s\u0103v\u00e2r\u015fite de trupele sovietice \u00een noaptea de 6 spre 7 februarie 1941, la cotul Prutului, l\u00e2ng\u0103 satul Lunca, unde \u015fi-au g\u0103sit moartea sute de tineri bucovineni din satele Buda, Mahala, Ostri\u0163a, Coteni, M\u0103n\u0103stirii, Boian, Horecea Urbana, Plaiul Cosminului, Ceahor, Corovia pentru c\u0103 au vrut s\u0103 scape de regimul sovietic \u015fi s\u0103 treac\u0103 frontiera \u00een Rom\u00e2nia, c\u00e2t \u015fi ale lui Gheorghe Isopescu, care descrie tragedia celor peste 2.500 de rom\u00e2ni din satele Ropcea, Iord\u0103ne\u015fti, P\u0103tr\u0103u\u0163ii de Sus, P\u0103tr\u0103u\u0163ii de Jos, Cupca, Ciudei, Corce\u015fti, Corapciu, Suceveni, Prisic\u0103reni, care la 1 aprilie 1941, l\u00e2ng\u0103 F\u00e2nt\u00e2na Alb\u0103, au fost uci\u015fi datorit\u0103 acelea\u015fi \u00eencerc\u0103ri de a trece \u00een patria mam\u0103. Nu mai pu\u0163in zguduitoare sunt m\u0103rturiile celor care descriu o alt\u0103 mare dram\u0103 a bucovinenilor, drama celor socoti\u0163i du\u015fmani ai poporului \u015fi ai or\u00e2nduirii socialiste din URSS, deporta\u0163i \u00een noaptea de 12 spre 13 iunie 1941, \u201e\u00een regiunile cu clim\u0103 aspr\u0103 \u015fi greu de suportat, din Karelia sovietic\u0103, Siberia, Mun\u0163ii Ural \u015fi p\u00e2n\u0103 \u00een Kazahstan\u201d, f\u0103r\u0103 a fi judeca\u0163i sau condamna\u0163i de vreo instan\u0163\u0103 judec\u0103toreasc\u0103 &#8211; \u201eOpt persoane din familia noastr\u0103, poveste\u015fte Constantin Motrescu din Ciudei, au fost ridicate \u015fi \u00eempinse cu patul armelor \u00een vagoane de animale, din care numai trei am avut norocul s\u0103 ne \u00eentoarcem \u015fi s\u0103 s\u0103rut\u0103m pragul casei \u00een care ne-am n\u0103scut\u201d. &#8230; \u201ePe cei care mureau \u00een lag\u0103r \u015fi nu aveau cine s\u0103-i \u00eengroape, erau arunca\u0163i \u00een gropi, r\u00e2pi sau f\u00e2nt\u00e2ni p\u0103r\u0103site. De multe ori c\u00e2nd treceai pe l\u00e2ng\u0103 f\u00e2nt\u00e2ni p\u0103r\u0103site, auzeai gemete \u015fi pl\u00e2nsete ale muribunzilor. Te apuca groaza, dar cu nimic nu le puteai veni \u00een ajutor\u201d, poveste\u015fte \u015fi Maria Schipor, din P\u0103tr\u0103u\u0163ii de Jos. De parc\u0103 acele chinuri nu ar fi fost de ajuns, \u201eautorit\u0103\u0163ile sovietice au pus la punct un plan diabolic de pedepsire a popula\u0163iei r\u0103mase, printr-o \u00eenfometare general\u0103, asem\u0103n\u0103toare aceleia ce a avut loc \u00een Ucraina \u00een anii 1930-1933. &#8230; Astfel s-au pus biruri mari \u015fi cote \u00een natur\u0103 pe capul bie\u0163ilor locuitori, obliga\u0163ii ce ace\u015ftia nu puteau s\u0103 le achite, fiind peste puterile lor. &#8230; La toate acestea s-a ad\u0103ugat faptul c\u0103 anii 1946-1947 au fost foarte seceto\u015fi \u015fi nu s-au f\u0103cut niciun fel de cereale, iar acolo unde totu\u015fi s-ar fi str\u00e2ns ceva, autorit\u0103\u0163ile au confiscat \u015fi acele mici r\u0103m\u0103\u015fi\u0163e de recolt\u0103, l\u0103s\u00e2nd popula\u0163ia f\u0103r\u0103 niciun fel de subzisten\u0163\u0103\u201d. Se declan\u015fase \u201eMarea Foamete\u201d \u00een Bucovina. Num\u0103rul real al mor\u0163ilor probabil nu-l vom \u015fti niciodat\u0103.<br \/>\n<a href=\"http:\/\/basarabia-bucovina.info\/wp-content\/uploads\/2014\/05\/Dl-Vasile-Ilica-Vasile-Tarateanu-si-Teodor-Ardelean-Foto-Gheorghe-Petrila-Basarabia-Bucovina.Info_.jpg\"><img loading=\"lazy\" class=\"alignright size-medium wp-image-2601\" alt=\"Dl Vasile Ilica, Vasile Tarateanu si Teodor Ardelean - Foto Gheorghe Petrila - Basarabia-Bucovina.Info\" src=\"http:\/\/basarabia-bucovina.info\/wp-content\/uploads\/2014\/05\/Dl-Vasile-Ilica-Vasile-Tarateanu-si-Teodor-Ardelean-Foto-Gheorghe-Petrila-Basarabia-Bucovina.Info_-300x199.jpg\" width=\"300\" height=\"199\" \/><\/a>Partea final\u0103 a capitolului este dedicat\u0103 altei crime a autorit\u0103\u0163ilor sovietice &#8211; execu\u0163ia celor 222 de de\u0163inu\u0163i politici rom\u00e2ni \u015fi ucraineni ce se g\u0103seau \u00een \u00eenchisoarea din Cern\u0103u\u0163i, \u00een timpul retragerii trupelor sovietice determinat\u0103 de ofensiva armatelor rom\u00e2no-germane din iunie-iulie 1941. Legat\u0103 de aceast\u0103 crim\u0103 este \u015fi istoria cimitirului militar rom\u00e2n din Cern\u0103u\u0163i, pe care veteranul de r\u0103zboi Vasile Ilica o reconstituie cu fidelitate. Dat fiind faptul c\u0103 publicarea de c\u0103tre autor a acestui episod a avut repercusiuni nepl\u0103cute asupra sa, \u00een rela\u0163iile cu organele de grani\u0163\u0103 \u015fi justi\u0163ie ucrainene, \u015fi necesit\u0103 un spa\u0163iu mai mare, promitem s\u0103 revenim asupra acestui interesant fragment \u00eentr-o edi\u0163ie viitoare.<br \/>\n\u00cen ansamblul s\u0103u, consider capitolul ca reprezent\u00e2nd partea cea mai valoroas\u0103 a lucr\u0103rii, fiind pentru prima dat\u0103, \u00een literatura istoric\u0103 de specialitate din \u0163ara noastr\u0103, c\u00e2nd evenimentele perioadei sovietice din aceast\u0103 regiune sunt tratate \u00een mod unitar \u015fi eliberate de corsetul cenzurii comuniste, indiferent c\u0103 este vorba de cenzura sovietic\u0103 sau cea rom\u00e2neasc\u0103. Autorul reu\u015fe\u015fte s\u0103 pun\u0103 la dispozi\u0163ia publicului iubitor de istorie o antologie de texte care s\u0103 fac\u0103 lumin\u0103 asupra unor evenimente, unele inedite sau altele mai pu\u0163in cunoscute opiniei publice rom\u00e2ne\u015fti, subestimate sau trecute sub t\u0103cere de istoria na\u0163ional\u0103. Antologia face \u00eens\u0103 \u015fi un foarte mare bine tinerei genera\u0163ii nord-bucovinene, c\u0103reia \u00eei este adresat\u0103 de autor, lipsit\u0103 \u00een cea mai mare parte de cele mai elementare cuno\u015ftin\u0163e de istorie a poporului rom\u00e2n, \u201ecare probabil va fi curioas\u0103 s\u0103 afle, cel pu\u0163in \u00een parte, despre evenimentele mai importante, precum \u015fi despre tr\u0103irile fericite sau nefericite, c\u0103rora au trebuit s\u0103 le fac\u0103 fa\u0163\u0103 \u00eenainta\u015fii lor, \u00een diferite perioade istorice dominate de ocupa\u0163ii str\u0103ine\u201d.<br \/>\nIstoria recent\u0103 a regiunii este tratat\u0103 \u00een capitolul al V-lea, pe care autorul \u00eel divide \u00een dou\u0103 p\u0103r\u0163i: \u201eEvocarea unor activit\u0103\u0163i \u015fi n\u0103zuin\u0163e ale rom\u00e2nilor \u015fi moldovenilor tr\u0103itori \u00een Ucraina\u201d \u015fi \u201ePrezentarea unor articole din presa rom\u00e2neasc\u0103, cern\u0103u\u0163ean\u0103, precum \u015fi cea din \u0163ar\u0103 cu problemele specifice perioadei de tranzi\u0163ie a Ucrainei \u00een preajma negocierii Tratatului de bun\u0103 vecin\u0103tate \u015fi cooperare \u00eentre Ucraina \u015fi Rom\u00e2nia\u201d. \u00cen prima parte, se arat\u0103 pozi\u0163ia rom\u00e2nilor \u015fi a\u015ftept\u0103rile lor privind referendumul pentru independen\u0163a Ucrainei, \u00eencheierea \u015fi consecin\u0163ele \u00eencheierii Tratatului de cooperare \u015fi bun\u0103 vecin\u0103tate dintre Rom\u00e2nia \u015fi Ucraina, precum \u015fi r\u0103spunsul dat de Guvernul Rom\u00e2niei \u201eMemorandumului\u201d Societ\u0103\u0163ii pentru Cultura \u015fi Literatura Rom\u00e2n\u0103 \u00een Bucovina din R\u0103d\u0103u\u0163i. \u00cen partea a doua, se prezint\u0103 articole publicate \u00een \u201eArca\u015ful\u201d, \u201eFamilia rom\u00e2n\u0103\u201d, \u201eCri\u015fana\u201d, \u201ePlai rom\u00e2nesc\u201d, scrise de Vasile Iilica, Drago\u015f Olaru \u015fi Iurie Colesnic, privind rom\u00e2nii \u00een cultura rus\u0103, biserica rom\u00e2neasc\u0103 din Ucraina, r\u0103sp\u00e2ndirea c\u0103r\u0163ii rom\u00e2ne\u015fti \u00een Basarabia \u015fi nordul Bucovinei sau despre personalit\u0103\u0163ii istorice \u015fi culturale rom\u00e2ne\u015fti.<br \/>\nConsider recenta apari\u0163ie editorial\u0103 ca fiind deosebit de necesar\u0103, at\u00e2t \u00een \u0163ar\u0103 c\u00e2t \u015fi-n afara hotarelor ei, cartea g\u0103sindu-\u015fi un loc de onoare \u00een orice bibliotec\u0103 particular\u0103 \u015fi na\u0163ional\u0103. Felicit\u0103ri autorului, pe care-l consider, datorit\u0103 luptei sale pentru adev\u0103r, iubirii fa\u0163\u0103 de neam \u015fi celor \u015fase lucr\u0103ri destinate tinerei genera\u0163ii, enumerate \u00een deschiderea recenziei, unul dintre cei mai mari dasc\u0103li de istorie ai junilor bucovineni.<\/p>\n<p>Foto: <a href=\"http:\/\/www.aafro.ro\/membri\/gheorghe-vasile-petrila\/portofoliu\/\">Gheorghe Petrila &#8211; Asocia\u0163ia Arti\u015ftilor Fotografi din Rom\u00e2nia<\/a><\/p>\n<p>Sursa: <a href=\"http:\/\/roncea.ro\/2014\/05\/05\/premiul-mile-carpenisan-pentru-curaj-si-excelenta-in-jurnalism-2014-conferit-publicistului-vasile-ilica-veteran-de-razboi-martor-al-masacrului-de-la-fantana-alba-si-cercetator-interzis-in-ucrain\/\">Roncea.Ro<\/a><\/p>\n<p><a href=\"http:\/\/basarabia-bucovina.info\/wp-content\/uploads\/2014\/05\/Bucovina-noastra-Antologie-Istorica-de-Vasile-Ilica-Basarabia-Bucovina.Info_.jpg\"><img loading=\"lazy\" class=\"aligncenter size-full wp-image-2602\" alt=\"Bucovina noastra - Antologie Istorica de Vasile Ilica - Basarabia-Bucovina.Info\" src=\"http:\/\/basarabia-bucovina.info\/wp-content\/uploads\/2014\/05\/Bucovina-noastra-Antologie-Istorica-de-Vasile-Ilica-Basarabia-Bucovina.Info_.jpg\" width=\"600\" height=\"821\" \/><\/a><a href=\"http:\/\/basarabia-bucovina.info\/wp-content\/uploads\/2014\/05\/Dl-Vasile-Ilica-despre-nordul-Bucovinei-Basarabia-Bucovina.Info_.jpg\"><img loading=\"lazy\" class=\"aligncenter size-full wp-image-2605\" alt=\"Dl Vasile Ilica despre nordul Bucovinei - Basarabia-Bucovina.Info\" src=\"http:\/\/basarabia-bucovina.info\/wp-content\/uploads\/2014\/05\/Dl-Vasile-Ilica-despre-nordul-Bucovinei-Basarabia-Bucovina.Info_.jpg\" width=\"600\" height=\"869\" \/><\/a><\/p>\n","protected":false},"excerpt":{"rendered":"<p>Veteran de razboi, publicist, scriitor, cercetator asupra masacrelor antiromanesti din nordul Bucovinei si chiar martor direct al evenimentelor ce au culminat cu masacrul de la Fantana Alba, dl. col. (r). Vasile Ilica, devenit &#8220;persona non grata&#8221; in Ucraina la 88 de ani, a fost distins de Ziua Libertatii Presei 2014 cu Premiul &#8220;Mile Carpenisan&#8221;, pentru [&hellip;]<\/p>\n","protected":false},"author":1,"featured_media":0,"comment_status":"open","ping_status":"open","sticky":false,"template":"","format":"standard","meta":[],"categories":[5,4],"tags":[40,14,41,42,50,16,46,48,12,39,36,44,49,51,43,45,38,47],"_links":{"self":[{"href":"https:\/\/inmemoriam-milecarpenisan.ro\/index.php?rest_route=\/wp\/v2\/posts\/132"}],"collection":[{"href":"https:\/\/inmemoriam-milecarpenisan.ro\/index.php?rest_route=\/wp\/v2\/posts"}],"about":[{"href":"https:\/\/inmemoriam-milecarpenisan.ro\/index.php?rest_route=\/wp\/v2\/types\/post"}],"author":[{"embeddable":true,"href":"https:\/\/inmemoriam-milecarpenisan.ro\/index.php?rest_route=\/wp\/v2\/users\/1"}],"replies":[{"embeddable":true,"href":"https:\/\/inmemoriam-milecarpenisan.ro\/index.php?rest_route=%2Fwp%2Fv2%2Fcomments&post=132"}],"version-history":[{"count":6,"href":"https:\/\/inmemoriam-milecarpenisan.ro\/index.php?rest_route=\/wp\/v2\/posts\/132\/revisions"}],"predecessor-version":[{"id":148,"href":"https:\/\/inmemoriam-milecarpenisan.ro\/index.php?rest_route=\/wp\/v2\/posts\/132\/revisions\/148"}],"wp:attachment":[{"href":"https:\/\/inmemoriam-milecarpenisan.ro\/index.php?rest_route=%2Fwp%2Fv2%2Fmedia&parent=132"}],"wp:term":[{"taxonomy":"category","embeddable":true,"href":"https:\/\/inmemoriam-milecarpenisan.ro\/index.php?rest_route=%2Fwp%2Fv2%2Fcategories&post=132"},{"taxonomy":"post_tag","embeddable":true,"href":"https:\/\/inmemoriam-milecarpenisan.ro\/index.php?rest_route=%2Fwp%2Fv2%2Ftags&post=132"}],"curies":[{"name":"wp","href":"https:\/\/api.w.org\/{rel}","templated":true}]}}